{"id":1003,"date":"2011-12-15T14:20:14","date_gmt":"2011-12-15T16:20:14","guid":{"rendered":"http:\/\/playartedesign.com\/jornaldaregiao\/2011\/12\/15\/passeio-ciclistico-ecologio-arrecada-475-kg-de-alimentos-para-as-vitimas-das-chuvas\/"},"modified":"2011-12-15T14:20:14","modified_gmt":"2011-12-15T16:20:14","slug":"passeio-ciclistico-ecologio-arrecada-475-kg-de-alimentos-para-as-vitimas-das-chuvas","status":"publish","type":"post","link":"https:\/\/jornaldaregiao.com\/ajustes\/passeio-ciclistico-ecologio-arrecada-475-kg-de-alimentos-para-as-vitimas-das-chuvas\/","title":{"rendered":"Passeio cicl\u00edstico ecol\u00f3gio arrecada 475 kg de alimentos para as v\u00edtimas das chuvas"},"content":{"rendered":"<p> <img decoding=\"async\" class=\"caption\" src=\"noticias\/1160_pgina 8 - passeta de paulo.jpg\" mce_src=\"noticias\/1160_pgina 8 - passeta de paulo.jpg\" border=\"0\" title=\"No passeio, participa\u00e7\u00e3o de ciclistas de todas as idades. Divers\u00e3o e contribui\u00e7\u00e3o social motivaram a participa\u00e7\u00e3o - Foto: Divulga\u00e7\u00e3o\"><\/p>\n<p><\/p>\n<p style=\"text-align: justify;\" mce_style=\"text-align: justify;\">No total, foram sorteadas dez bicicletas aro 26, 18 marchas, al\u00e9m de brindes como aparelhos DVD, entre outros. Os ciclistas tamb\u00e9m puderam verificar a press\u00e3o arterial antes e depois do passeio, servi\u00e7o que foi oferecido pela Universidade Est\u00e1cio de S\u00e1.<\/p>\n<p style=\"text-align: justify;\" mce_style=\"text-align: justify;\">Segundo Paulo Nunes, diretor da revista Momento Ambiental, &nbsp;foi uma comemora\u00e7\u00e3o simples, mas de grande alcance social. \u201cNa verdade, n\u00e3o temos muito o que comemorar. Poder levar um pouco de dignidade para essas pessoas no m\u00eas em que se comemora o nascimento de Jesus \u00e9 o maior presente para n\u00f3s\u201d, disse.<\/p>\n<p style=\"text-align: justify;\" mce_style=\"text-align: justify;\">\u2013 Agradecemos, ainda, \u00e0s empresas que participaram desta a\u00e7\u00e3o, como o Grupo Lafarge, Grupo Votorantim, Cantagalense Eletrom\u00f3veis, Concession\u00e1ria Rota 116, Cooperativa Agropecu\u00e1ria de Macuco, Nova Martins, Frivel Ve\u00edculos, Assinante VIP, El\u00e9trica Sena Campos, Emp\u00f3rio da Serra, SAF Assistencial, Tipocan Papelaria, Empresas Funcional, Serravet Veterin\u00e1ria, EPM Eventos, CCM Adventure Bike e Mercado Econ\u00f4mico \u2013 destacou Paulo Nunes, que conseguiu mobilizar a sociedade em torno da a\u00e7\u00e3o e da comemora\u00e7\u00e3o.<\/p>\n<p><\/p>\n","protected":false},"excerpt":{"rendered":"<p><\/p>\n<p style=\"text-align: justify;\" mce_style=\"text-align: justify;\">Comemorando seus dez anos de circula\u00e7\u00e3o, a revista Momento Ambiental realizou, em Cordeiro, um &nbsp;passeio cicl\u00edstico ecol\u00f3gico. Al\u00e9m da mensagem ambiental passada aos participantes, o evento tamb\u00e9m teve seu lado social: arrecadou 475 kg de alimentos n\u00e3o perec\u00edveis, que foram &nbsp;destinados \u00e0s v\u00edtimas das chuvas de janeiro deste ano e que ainda se encontram em estado de abandono no munic\u00edpio de Nova Friburgo. A empresa Free Office, de Nova Friburgo, foi a respons\u00e1vel pelo transporte dos alimentos. A ONG Viva Rio ficou respons\u00e1vel pela distribui\u00e7\u00e3o \u00e0s fam\u00edlias previamente cadastradas.<\/p>\n<p style=\"text-align: justify;\" mce_style=\"text-align: justify;\"><\/p>\n","protected":false},"author":5,"featured_media":0,"comment_status":"open","ping_status":"open","sticky":false,"template":"","format":"standard","meta":{"footnotes":""},"categories":[2],"tags":[],"class_list":["post-1003","post","type-post","status-publish","format-standard","hentry","category-esporte"],"_links":{"self":[{"href":"https:\/\/jornaldaregiao.com\/ajustes\/wp-json\/wp\/v2\/posts\/1003","targetHints":{"allow":["GET"]}}],"collection":[{"href":"https:\/\/jornaldaregiao.com\/ajustes\/wp-json\/wp\/v2\/posts"}],"about":[{"href":"https:\/\/jornaldaregiao.com\/ajustes\/wp-json\/wp\/v2\/types\/post"}],"author":[{"embeddable":true,"href":"https:\/\/jornaldaregiao.com\/ajustes\/wp-json\/wp\/v2\/users\/5"}],"replies":[{"embeddable":true,"href":"https:\/\/jornaldaregiao.com\/ajustes\/wp-json\/wp\/v2\/comments?post=1003"}],"version-history":[{"count":0,"href":"https:\/\/jornaldaregiao.com\/ajustes\/wp-json\/wp\/v2\/posts\/1003\/revisions"}],"wp:attachment":[{"href":"https:\/\/jornaldaregiao.com\/ajustes\/wp-json\/wp\/v2\/media?parent=1003"}],"wp:term":[{"taxonomy":"category","embeddable":true,"href":"https:\/\/jornaldaregiao.com\/ajustes\/wp-json\/wp\/v2\/categories?post=1003"},{"taxonomy":"post_tag","embeddable":true,"href":"https:\/\/jornaldaregiao.com\/ajustes\/wp-json\/wp\/v2\/tags?post=1003"}],"curies":[{"name":"wp","href":"https:\/\/api.w.org\/{rel}","templated":true}]}}