{"id":1004,"date":"2011-12-15T14:22:27","date_gmt":"2011-12-15T16:22:27","guid":{"rendered":"http:\/\/playartedesign.com\/jornaldaregiao\/2011\/12\/15\/colegio-euclides-da-cunha-completa-25-anos\/"},"modified":"2011-12-15T14:22:27","modified_gmt":"2011-12-15T16:22:27","slug":"colegio-euclides-da-cunha-completa-25-anos","status":"publish","type":"post","link":"https:\/\/jornaldaregiao.com\/ajustes\/colegio-euclides-da-cunha-completa-25-anos\/","title":{"rendered":"Col\u00e9gio Euclides da Cunha completa 25 anos"},"content":{"rendered":"<p><p style=\"text-align: justify;\">Para marcar seus 25 anos, o Col\u00e9gio Euclides da Cunha, da rede particular de ensino de Cantagalo, lan\u00e7ou a publica\u00e7\u00e3o \u2018Navegar \u00e9 preciso&#8230;\u2019, que traz um colet\u00e2nea de belas poesias produzidas por alunos dos ensinos fundamental e m\u00e9dio durante todo este ano em que se comemora o jubileu de prata do col\u00e9gio, o mais tradicional da regi\u00e3o na \u00e1rea particular.<\/p>\n<p style=\"text-align: justify;\"><img decoding=\"async\" class=\"caption\" src=\"noticias\/1160_pgina 9 - euclides - maternal 1.jpg\" border=\"0\" title=\"Desde a mais tenra idade, Col\u00e9gio Euclides da Cunha investe para que alunos se tornem adultos de valor e participativos - Foto: Bessane Neto\" \/><\/p>\n<p style=\"text-align: justify;\">De acordo com a dire\u00e7\u00e3o, a produ\u00e7\u00e3o liter\u00e1ria dos estudantes foi intensa, mas a publica\u00e7\u00e3o s\u00f3 pode trazer algumas poesias, fruto de uma criteriosa e dif\u00edcil sele\u00e7\u00e3o, dada \u00e0 descoberta de dezenas de talentos na \u201cnavega\u00e7\u00e3o pelo mundo das letras\u201d. No entanto, os amantes do mundo po\u00e9tico, al\u00e9m dos que quiserem conhecer o talento dos alunos do Euclides da Cunha, podem conferir todo o trabalho no blog do col\u00e9gio: www.euclidesliterario.blogspot.com.<\/p>\n<p style=\"text-align: justify;\">Fundado em maio de 1986, o Col\u00e9gio Euclides da Cunha vem sendo administrado, desde 2004, pela Cooperativa Idealismo, Educa\u00e7\u00e3o e Inform\u00e1tica Ltda, formada por uma equipe de professores.<\/p>\n<p style=\"text-align: justify;\"><img decoding=\"async\" class=\"caption\" src=\"noticias\/1160_pgina 9 - euclides da cunha - pr 2.jpg\" border=\"0\" title=\"Alunos participam de v\u00e1rias atividades que auxiliam o aprendizado - Foto: Bessane Neto\" \/><\/p>\n<p style=\"text-align: justify;\">Ao longo de sua trajet\u00f3ria, o Col\u00e9gio Euclides da Cunha tem procurado pautar seu trabalho num processo educativo que tem como principal mote \u201ca constru\u00e7\u00e3o de valores e atitudes de solidariedade, coopera\u00e7\u00e3o, autonomia, respeito ao bem comum e na aquisi\u00e7\u00e3o de conhecimentos que tenham significado e que fa\u00e7am sentido na vida dos alunos\u201d, conforme afirma uma publica\u00e7\u00e3o do Col\u00e9gio lan\u00e7ada este ano.<\/p>\n<p style=\"text-align: justify;\">O col\u00e9gio comemora seus 25 anos apostando ainda mais numa educa\u00e7\u00e3o de qualidade, na parceria com familiares dos estudantes e com os diversos segmentos sociais.<\/p><\/p>\n","protected":false},"excerpt":{"rendered":"<p>Para marcar seus 25 anos, o Col\u00e9gio Euclides da Cunha, da rede particular de ensino de Cantagalo, lan\u00e7ou a publica\u00e7\u00e3o \u2018Navegar \u00e9 preciso&#8230;\u2019, que traz um colet\u00e2nea de belas poesias produzidas por alunos dos ensinos fundamental e m\u00e9dio durante todo este ano em que se comemora o jubileu de prata do col\u00e9gio, o mais tradicional [&hellip;]<\/p>\n","protected":false},"author":5,"featured_media":0,"comment_status":"open","ping_status":"open","sticky":false,"template":"","format":"standard","meta":{"footnotes":""},"categories":[3],"tags":[],"class_list":["post-1004","post","type-post","status-publish","format-standard","hentry","category-geral"],"_links":{"self":[{"href":"https:\/\/jornaldaregiao.com\/ajustes\/wp-json\/wp\/v2\/posts\/1004","targetHints":{"allow":["GET"]}}],"collection":[{"href":"https:\/\/jornaldaregiao.com\/ajustes\/wp-json\/wp\/v2\/posts"}],"about":[{"href":"https:\/\/jornaldaregiao.com\/ajustes\/wp-json\/wp\/v2\/types\/post"}],"author":[{"embeddable":true,"href":"https:\/\/jornaldaregiao.com\/ajustes\/wp-json\/wp\/v2\/users\/5"}],"replies":[{"embeddable":true,"href":"https:\/\/jornaldaregiao.com\/ajustes\/wp-json\/wp\/v2\/comments?post=1004"}],"version-history":[{"count":0,"href":"https:\/\/jornaldaregiao.com\/ajustes\/wp-json\/wp\/v2\/posts\/1004\/revisions"}],"wp:attachment":[{"href":"https:\/\/jornaldaregiao.com\/ajustes\/wp-json\/wp\/v2\/media?parent=1004"}],"wp:term":[{"taxonomy":"category","embeddable":true,"href":"https:\/\/jornaldaregiao.com\/ajustes\/wp-json\/wp\/v2\/categories?post=1004"},{"taxonomy":"post_tag","embeddable":true,"href":"https:\/\/jornaldaregiao.com\/ajustes\/wp-json\/wp\/v2\/tags?post=1004"}],"curies":[{"name":"wp","href":"https:\/\/api.w.org\/{rel}","templated":true}]}}