{"id":1036,"date":"2011-12-22T12:57:07","date_gmt":"2011-12-22T14:57:07","guid":{"rendered":"http:\/\/playartedesign.com\/jornaldaregiao\/2011\/12\/22\/professora-e-homenageada-na-camara\/"},"modified":"2011-12-22T12:57:07","modified_gmt":"2011-12-22T14:57:07","slug":"professora-e-homenageada-na-camara","status":"publish","type":"post","link":"https:\/\/jornaldaregiao.com\/ajustes\/professora-e-homenageada-na-camara\/","title":{"rendered":"Professora \u00e9 homenageada na C\u00e2mara"},"content":{"rendered":"<\/p>\n<p style=\"text-align: justify;\"><img decoding=\"async\" class=\"caption\" src=\"noticias\/1161_pgina 10 - ciro e fernandes.jpg\" border=\"0\" title=\"Professora Fernanda de Avelar Torres recebeu a condecora\u00e7\u00e3o no \u00faltimo dia 15 de dezembro, \u00faltima sess\u00e3o do ano - Foto: Divulga\u00e7\u00e3o\" \/><\/p>\n<p style=\"text-align: justify;\">&#8211; A condecora\u00e7\u00e3o \u00e9 uma das honrarias mais importantes de nossa Casa Legislativa, quando premiamos os afrodescendentes que v\u00eam se destacando em nosso munic\u00edpio &#8211; explicou o vereador.<\/p>\n<p style=\"text-align: justify;\">A lei, que tamb\u00e9m \u00e9 de autoria de Ciro Fernandes, atrav\u00e9s do Projeto de Resolu\u00e7\u00e3o n\u00ba 005\/2010, condecora, com justi\u00e7a, personalidades cantagalenses, afrodescendentes que destacaram- se nos diversos setores \u00a0da sociedade, modalidade pol\u00edtica, esportiva, jur\u00eddica, literatura, sa\u00fade, educa\u00e7\u00e3o, imprensa, carnavalesca, l\u00edder comunit\u00e1ria, cultural, servi\u00e7o p\u00fablico, religiosa e modalidade in memorian. \u201cA professora Fernanda Torres re\u00fane atributos relevantes para a conquista desta condecora\u00e7\u00e3o\u201d, disse o parlamentar.<\/p>\n<p style=\"text-align: justify;\">&#8211; \u00c9 com muita honra que submeti aos meus pares a biografia e o \u201cCurriculum Vitae\u201d da professora Fernanda de Avelar Torres, juntamente com a recomenda\u00e7\u00e3o de que, por seus m\u00e9ritos e pelas atividades desenvolvidas, com sabedoria e capacidade, ao longo de sua carreira como educadora, sempre preocupada com o aprimoramento da qualidade da forma\u00e7\u00e3o cultural do corpo discente, a ela concedemos a condecora\u00e7\u00e3o Dr. Cl\u00e1udio de Mello &#8211; destacou o vereador.<\/p>\n<p style=\"text-align: justify;\">Para ele, embora se torne muito dif\u00edcil condensar em poucas linhas a amplitude das realiza\u00e7\u00f5es da trajet\u00f3ria da professora Fernanda de Avelar Torres, basta considerar suas qualidades como ser humano, pessoa portadora de um car\u00e1ter exemplar e possuidora de preciosas virtudes. \u201cIsto justifica, plenamente, a concess\u00e3o, por esta Casa Legislativa, da condecora\u00e7\u00e3o Dr. Cl\u00e1udio de Mello\u201d, refor\u00e7ou.<\/p>\n<p style=\"text-align: justify;\">De acordo com a resolu\u00e7\u00e3o apresentada, a agraciada vem se destacando, de forma brilhante, no setor de educa\u00e7\u00e3o, enchendo de orgulho n\u00e3o s\u00f3 os afrodescendentes, mas a todos os cantagalenses. \u201cPor isso, faz por merecer a condecora\u00e7\u00e3o Dr. Cl\u00e1udio de Mello, pelos relevantes servi\u00e7os prestados \u00e0 educa\u00e7\u00e3o do nosso munic\u00edpio\u201d, completa.<\/p>\n<p style=\"text-align: justify;\">Pelos fatos relatados, o vereador afirma que a professora Fernanda de Avelar Torres \u00e9 o verdadeiro sentido da palavra \u2018educa\u00e7\u00e3o\u2019 e ajudou, e continua ajudando, a construir a hist\u00f3ria da educa\u00e7\u00e3o no munic\u00edpio de Cantagalo.<\/p>\n<p style=\"text-align: justify;\">A condecora\u00e7\u00e3o foi entregue \u00e0 professora homenageada na sess\u00e3o realizada no \u00faltimo dia 15 de dezembro, quando foram encerrados os trabalhos legislativos deste ano.<\/p><\/p>\n","protected":false},"excerpt":{"rendered":"<p \/>\n<h3>Lei da condecora\u00e7\u00e3o \u00e9 tamb\u00e9m de autoria do vereador Ciro Fernandes.\u00a0Fernanda de Avelar Torres j\u00e1 foi secret\u00e1ria de Educa\u00e7\u00e3o de Cantagalo<\/h3>\n<p style=\"text-align: justify;\" \/>Em sess\u00e3o realizada no dia 22 de novembro, o vereador Ciro Fernandes (PR) apresentou o projeto de resolu\u00e7\u00e3o que concede a condecora\u00e7\u00e3o Dr. Cl\u00e1udio de Mello \u00e0 professora Fernanda de Avelar Torres, ex-secret\u00e1ria de Educa\u00e7\u00e3o de Cantagalo, por relevantes servi\u00e7os prestado \u00e0 educa\u00e7\u00e3o de Cantagalo. <\/p>\n","protected":false},"author":5,"featured_media":0,"comment_status":"open","ping_status":"open","sticky":false,"template":"","format":"standard","meta":{"footnotes":""},"categories":[4],"tags":[],"class_list":["post-1036","post","type-post","status-publish","format-standard","hentry","category-politica"],"_links":{"self":[{"href":"https:\/\/jornaldaregiao.com\/ajustes\/wp-json\/wp\/v2\/posts\/1036","targetHints":{"allow":["GET"]}}],"collection":[{"href":"https:\/\/jornaldaregiao.com\/ajustes\/wp-json\/wp\/v2\/posts"}],"about":[{"href":"https:\/\/jornaldaregiao.com\/ajustes\/wp-json\/wp\/v2\/types\/post"}],"author":[{"embeddable":true,"href":"https:\/\/jornaldaregiao.com\/ajustes\/wp-json\/wp\/v2\/users\/5"}],"replies":[{"embeddable":true,"href":"https:\/\/jornaldaregiao.com\/ajustes\/wp-json\/wp\/v2\/comments?post=1036"}],"version-history":[{"count":0,"href":"https:\/\/jornaldaregiao.com\/ajustes\/wp-json\/wp\/v2\/posts\/1036\/revisions"}],"wp:attachment":[{"href":"https:\/\/jornaldaregiao.com\/ajustes\/wp-json\/wp\/v2\/media?parent=1036"}],"wp:term":[{"taxonomy":"category","embeddable":true,"href":"https:\/\/jornaldaregiao.com\/ajustes\/wp-json\/wp\/v2\/categories?post=1036"},{"taxonomy":"post_tag","embeddable":true,"href":"https:\/\/jornaldaregiao.com\/ajustes\/wp-json\/wp\/v2\/tags?post=1036"}],"curies":[{"name":"wp","href":"https:\/\/api.w.org\/{rel}","templated":true}]}}