{"id":23664,"date":"2021-01-20T09:02:42","date_gmt":"2021-01-20T12:02:42","guid":{"rendered":"https:\/\/jornaldaregiao.com\/ajustes\/?p=23664"},"modified":"2021-01-20T09:40:32","modified_gmt":"2021-01-20T12:40:32","slug":"doses-de-vida-e-esperanca-chegam-a-macuco","status":"publish","type":"post","link":"https:\/\/jornaldaregiao.com\/ajustes\/doses-de-vida-e-esperanca-chegam-a-macuco\/","title":{"rendered":"Doses de vida e esperan\u00e7a chegam a Macuco"},"content":{"rendered":"<p>Ap\u00f3s dez meses de medo, apreens\u00e3o e perdas irrepar\u00e1veis, as esperan\u00e7as do povo renascem com a vacina contra o coronav\u00edrus. Muito em breve a celebra\u00e7\u00e3o da vida voltar\u00e1 a ser cada vez mais intensa, pois nesta ter\u00e7a-feira, 19, o prefeito de Macuco foi portador de boas novas para sua popula\u00e7\u00e3o ao receber as primeiras doses do imunizante.<\/p>\n<p>Escolhido pelo Governo do Estado como ponto de redistribui\u00e7\u00e3o da vacina para munic\u00edpios da Regi\u00e3o Serrana, em virtude da localiza\u00e7\u00e3o geogr\u00e1fica, o Parque de Exposi\u00e7\u00f5es de Cordeiro viveu um dia de comemora\u00e7\u00f5es com a aterrissagem dos helic\u00f3pteros do Corpo de Bombeiros e da Pol\u00edcia Militar. As aeronaves trouxeram os lotes destinados a Macuco, Cordeiro, Cantagalo, Trajano de Moraes, Bom Jardim, S\u00e3o Sebasti\u00e3o do Alto, Carmo, Nova Friburgo, Santa Maria Madalena e Duas Barras.<\/p>\n<p>Visivelmente emocionado ao assinar o termo de recebimento das vacinas, Bruno Boaretto confirmou que as 180 primeiras doses ser\u00e3o destinadas aos profissionais de sa\u00fade que atuam na linha de frente de combate \u00e0 COVID-19, seguindo o protocolo estabelecido pelo Minist\u00e9rio da Sa\u00fade e Secretaria Estadual da Sa\u00fade. \u201c<em>Estamos diante da realiza\u00e7\u00e3o de um sonho aguardado desde mar\u00e7o do ano passado<\/em>\u201d, disse comovido.<\/p>\n<p>&nbsp;<\/p>\n<div id='gallery-1' class='gallery galleryid-23664 gallery-columns-3 gallery-size-full'><figure class='gallery-item'>\n\t\t\t<div class='gallery-icon landscape'>\n\t\t\t\t<a href='https:\/\/jornaldaregiao.com\/ajustes\/wp-content\/uploads\/2021\/01\/Foto-04-4.jpg'><img fetchpriority=\"high\" decoding=\"async\" width=\"450\" height=\"300\" src=\"https:\/\/jornaldaregiao.com\/ajustes\/wp-content\/uploads\/2021\/01\/Foto-04-4.jpg\" class=\"attachment-full size-full\" alt=\"Doses de vida e esperan\u00e7a chegam a Macuco\" aria-describedby=\"gallery-1-23667\" srcset=\"https:\/\/jornaldaregiao.com\/ajustes\/wp-content\/uploads\/2021\/01\/Foto-04-4.jpg 450w, https:\/\/jornaldaregiao.com\/ajustes\/wp-content\/uploads\/2021\/01\/Foto-04-4-300x200.jpg 300w\" sizes=\"(max-width: 450px) 100vw, 450px\" \/><\/a>\n\t\t\t<\/div>\n\t\t\t\t<figcaption class='wp-caption-text gallery-caption' id='gallery-1-23667'>\n\t\t\t\tOs prefeitos Leonan, Bruno e Rodrigo aguardavam as doses da vacina ansiosamente\n\t\t\t\t<\/figcaption><\/figure><figure class='gallery-item'>\n\t\t\t<div class='gallery-icon landscape'>\n\t\t\t\t<a href='https:\/\/jornaldaregiao.com\/ajustes\/wp-content\/uploads\/2021\/01\/Foto-02-5.jpg'><img decoding=\"async\" width=\"450\" height=\"300\" src=\"https:\/\/jornaldaregiao.com\/ajustes\/wp-content\/uploads\/2021\/01\/Foto-02-5.jpg\" class=\"attachment-full size-full\" alt=\"Doses de vida e esperan\u00e7a chegam a Macuco\" aria-describedby=\"gallery-1-23666\" srcset=\"https:\/\/jornaldaregiao.com\/ajustes\/wp-content\/uploads\/2021\/01\/Foto-02-5.jpg 450w, https:\/\/jornaldaregiao.com\/ajustes\/wp-content\/uploads\/2021\/01\/Foto-02-5-300x200.jpg 300w\" sizes=\"(max-width: 450px) 100vw, 450px\" \/><\/a>\n\t\t\t<\/div>\n\t\t\t\t<figcaption class='wp-caption-text gallery-caption' id='gallery-1-23666'>\n\t\t\t\tMomento hist\u00f3rico: prefeito assinando o termo de recebimento das vacinas\n\t\t\t\t<\/figcaption><\/figure><figure class='gallery-item'>\n\t\t\t<div class='gallery-icon landscape'>\n\t\t\t\t<a href='https:\/\/jornaldaregiao.com\/ajustes\/wp-content\/uploads\/2021\/01\/Pagina-1-Enfermeira-sendo-vacinada-em-Macuco.jpg'><img decoding=\"async\" width=\"450\" height=\"300\" src=\"https:\/\/jornaldaregiao.com\/ajustes\/wp-content\/uploads\/2021\/01\/Pagina-1-Enfermeira-sendo-vacinada-em-Macuco.jpg\" class=\"attachment-full size-full\" alt=\"Doses de vida e esperan\u00e7a chegam a Macuco\" aria-describedby=\"gallery-1-23668\" srcset=\"https:\/\/jornaldaregiao.com\/ajustes\/wp-content\/uploads\/2021\/01\/Pagina-1-Enfermeira-sendo-vacinada-em-Macuco.jpg 450w, https:\/\/jornaldaregiao.com\/ajustes\/wp-content\/uploads\/2021\/01\/Pagina-1-Enfermeira-sendo-vacinada-em-Macuco-300x200.jpg 300w\" sizes=\"(max-width: 450px) 100vw, 450px\" \/><\/a>\n\t\t\t<\/div>\n\t\t\t\t<figcaption class='wp-caption-text gallery-caption' id='gallery-1-23668'>\n\t\t\t\tEnfermeira sendo vacinada em Macuco\n\t\t\t\t<\/figcaption><\/figure>\n\t\t<\/div>\n\n<p>&nbsp;<\/p>\n<p>Sobre o n\u00famero baixo de doses repassadas aos munic\u00edpios nesse primeiro instante, Bruno explicou se tratar apenas do esfor\u00e7o inicial para combater o v\u00edrus. \u201c<em>A divis\u00e3o \u00e9 pautada numa proporcionalidade t\u00e9cnica que precisa ser respeitada. Tranquilizo o povo de Macuco e garanto que todos ser\u00e3o vacinados nas etapas subsequentes, por\u00e9m seguindo o planejamento e o protocolo nacional<\/em>\u201d, disse Bruno.<\/p>\n<p>Seguindo orienta\u00e7\u00f5es do Minist\u00e9rio da Sa\u00fade, inicialmente em Macuco as 180 doses da vacina contra o coronav\u00edrus ser\u00e3o destinadas aos profissionais da linha de frente de combate \u00e0 COVID-19.<\/p>\n<p>Nesta ter\u00e7a-feira, dia 19 de janeiro, a enfermeira L\u00edvia Nery Montechiari foi a primeira servidora de sa\u00fade a receber a dose inicial da imuniza\u00e7\u00e3o.<\/p>\n<p>&nbsp;<\/p>\n<div id='gallery-2' class='gallery galleryid-23664 gallery-columns-2 gallery-size-full'><figure class='gallery-item'>\n\t\t\t<div class='gallery-icon portrait'>\n\t\t\t\t<a href='https:\/\/jornaldaregiao.com\/ajustes\/wp-content\/uploads\/2021\/01\/Foto-05-1.jpg'><img loading=\"lazy\" decoding=\"async\" width=\"333\" height=\"450\" src=\"https:\/\/jornaldaregiao.com\/ajustes\/wp-content\/uploads\/2021\/01\/Foto-05-1.jpg\" class=\"attachment-full size-full\" alt=\"Doses de vida e esperan\u00e7a chegam a Macuco\" aria-describedby=\"gallery-2-23670\" srcset=\"https:\/\/jornaldaregiao.com\/ajustes\/wp-content\/uploads\/2021\/01\/Foto-05-1.jpg 333w, https:\/\/jornaldaregiao.com\/ajustes\/wp-content\/uploads\/2021\/01\/Foto-05-1-222x300.jpg 222w\" sizes=\"(max-width: 333px) 100vw, 333px\" \/><\/a>\n\t\t\t<\/div>\n\t\t\t\t<figcaption class='wp-caption-text gallery-caption' id='gallery-2-23670'>\n\t\t\t\tBruno concede entrevista ao lado da subsecret\u00e1ria de Sa\u00fade Marlise Serbino\n\t\t\t\t<\/figcaption><\/figure><figure class='gallery-item'>\n\t\t\t<div class='gallery-icon portrait'>\n\t\t\t\t<a href='https:\/\/jornaldaregiao.com\/ajustes\/wp-content\/uploads\/2021\/01\/Foto-03-5.jpg'><img loading=\"lazy\" decoding=\"async\" width=\"334\" height=\"450\" src=\"https:\/\/jornaldaregiao.com\/ajustes\/wp-content\/uploads\/2021\/01\/Foto-03-5.jpg\" class=\"attachment-full size-full\" alt=\"Doses de vida e esperan\u00e7a chegam a Macuco\" aria-describedby=\"gallery-2-23669\" srcset=\"https:\/\/jornaldaregiao.com\/ajustes\/wp-content\/uploads\/2021\/01\/Foto-03-5.jpg 334w, https:\/\/jornaldaregiao.com\/ajustes\/wp-content\/uploads\/2021\/01\/Foto-03-5-223x300.jpg 223w\" sizes=\"(max-width: 334px) 100vw, 334px\" \/><\/a>\n\t\t\t<\/div>\n\t\t\t\t<figcaption class='wp-caption-text gallery-caption' id='gallery-2-23669'>\n\t\t\t\tBruno mostra o protocolo de assinatura da libera\u00e7\u00e3o do lote de Macuco\n\t\t\t\t<\/figcaption><\/figure>\n\t\t<\/div>\n\n","protected":false},"excerpt":{"rendered":"<p>Ap\u00f3s dez meses de medo, apreens\u00e3o e perdas irrepar\u00e1veis, as esperan\u00e7as do povo renascem com a vacina contra o coronav\u00edrus. Muito em breve a celebra\u00e7\u00e3o da vida voltar\u00e1 a ser cada vez mais intensa, pois nesta ter\u00e7a-feira, 19, o prefeito de Macuco foi portador de boas novas para sua popula\u00e7\u00e3o ao receber as primeiras doses [&hellip;]<\/p>\n","protected":false},"author":3,"featured_media":23665,"comment_status":"open","ping_status":"open","sticky":false,"template":"","format":"standard","meta":{"footnotes":""},"categories":[7211,27,32],"tags":[],"class_list":["post-23664","post","type-post","status-publish","format-standard","has-post-thumbnail","hentry","category-covid-19","category-destaque","category-noticias"],"_links":{"self":[{"href":"https:\/\/jornaldaregiao.com\/ajustes\/wp-json\/wp\/v2\/posts\/23664","targetHints":{"allow":["GET"]}}],"collection":[{"href":"https:\/\/jornaldaregiao.com\/ajustes\/wp-json\/wp\/v2\/posts"}],"about":[{"href":"https:\/\/jornaldaregiao.com\/ajustes\/wp-json\/wp\/v2\/types\/post"}],"author":[{"embeddable":true,"href":"https:\/\/jornaldaregiao.com\/ajustes\/wp-json\/wp\/v2\/users\/3"}],"replies":[{"embeddable":true,"href":"https:\/\/jornaldaregiao.com\/ajustes\/wp-json\/wp\/v2\/comments?post=23664"}],"version-history":[{"count":1,"href":"https:\/\/jornaldaregiao.com\/ajustes\/wp-json\/wp\/v2\/posts\/23664\/revisions"}],"predecessor-version":[{"id":23671,"href":"https:\/\/jornaldaregiao.com\/ajustes\/wp-json\/wp\/v2\/posts\/23664\/revisions\/23671"}],"wp:featuredmedia":[{"embeddable":true,"href":"https:\/\/jornaldaregiao.com\/ajustes\/wp-json\/wp\/v2\/media\/23665"}],"wp:attachment":[{"href":"https:\/\/jornaldaregiao.com\/ajustes\/wp-json\/wp\/v2\/media?parent=23664"}],"wp:term":[{"taxonomy":"category","embeddable":true,"href":"https:\/\/jornaldaregiao.com\/ajustes\/wp-json\/wp\/v2\/categories?post=23664"},{"taxonomy":"post_tag","embeddable":true,"href":"https:\/\/jornaldaregiao.com\/ajustes\/wp-json\/wp\/v2\/tags?post=23664"}],"curies":[{"name":"wp","href":"https:\/\/api.w.org\/{rel}","templated":true}]}}