{"id":23672,"date":"2021-01-20T09:10:27","date_gmt":"2021-01-20T12:10:27","guid":{"rendered":"https:\/\/jornaldaregiao.com\/ajustes\/?p=23672"},"modified":"2021-01-20T09:10:27","modified_gmt":"2021-01-20T12:10:27","slug":"tecnica-em-enfermagem-e-a-primeira-pessoa-vacinada-contra-covid-19-em-duas-barras","status":"publish","type":"post","link":"https:\/\/jornaldaregiao.com\/ajustes\/tecnica-em-enfermagem-e-a-primeira-pessoa-vacinada-contra-covid-19-em-duas-barras\/","title":{"rendered":"T\u00e9cnica em enfermagem \u00e9 a primeira pessoa vacinada contra Covid-19 em Duas Barras"},"content":{"rendered":"<figure id=\"attachment_23675\" aria-describedby=\"caption-attachment-23675\" style=\"width: 450px\" class=\"wp-caption alignright\"><a href=\"https:\/\/jornaldaregiao.com\/ajustes\/wp-content\/uploads\/2021\/01\/Vacinas-Duas-Barras.jpg\"><img fetchpriority=\"high\" decoding=\"async\" class=\"size-full wp-image-23675\" src=\"https:\/\/jornaldaregiao.com\/ajustes\/wp-content\/uploads\/2021\/01\/Vacinas-Duas-Barras.jpg\" alt=\"T\u00e9cnica em enfermagem \u00e9 a primeira pessoa vacinada contra Covid-19 em Duas Barras\" width=\"450\" height=\"300\" srcset=\"https:\/\/jornaldaregiao.com\/ajustes\/wp-content\/uploads\/2021\/01\/Vacinas-Duas-Barras.jpg 450w, https:\/\/jornaldaregiao.com\/ajustes\/wp-content\/uploads\/2021\/01\/Vacinas-Duas-Barras-300x200.jpg 300w\" sizes=\"(max-width: 450px) 100vw, 450px\" \/><\/a><figcaption id=\"caption-attachment-23675\" class=\"wp-caption-text\">O m\u00e9dico e prefeito de Duas Barras, Dr. Fabricio Luiz Lima Ayres, foi quem aplicou a vacina na profissional de sa\u00fade<\/figcaption><\/figure>\n<p>A t\u00e9cnica de enfermagem, Maria Aparecida dos Santos Ara\u00fajo, 57 anos, foi a primeira pessoa a ser vacinada contra o novo coronav\u00edrus no Munic\u00edpio de Duas Barras, nesta ter\u00e7a-feira (19), na Policl\u00ednica Municipal.<\/p>\n<p>O m\u00e9dico e prefeito de Duas Barras, Dr. Fabricio Luiz Lima Ayres, foi quem aplicou a vacina na profissional de sa\u00fade, que trabalha h\u00e1 mais de 30 anos na \u00e1rea e est\u00e1 na linha de frente do combate \u00e0 pandemia, no Hospital Municipal.<\/p>\n<p>Contente por ter sido escolhida, Cida, como \u00e9 popularmente conhecida, agradeceu pela oportunidade e pediu a popula\u00e7\u00e3o perseveran\u00e7a nos cuidados.<\/p>\n<p>&#8220;<em>N\u00e3o consigo nem acreditar, muita gratid\u00e3o a Deus. Tenham f\u00e9, confian\u00e7a e aguardem, vai chegar para todo mundo. Enquanto isso se cuidem, protejam-se. Hoje \u00e9 o primeiro passo de muitos que a gente vai ter, isso \u00e9 s\u00f3 o pontap\u00e9 inicial. Viva a ci\u00eancia e viva o SUS!<\/em>&#8220;, disse a t\u00e9cnica de enfermagem.<\/p>\n<figure id=\"attachment_23674\" aria-describedby=\"caption-attachment-23674\" style=\"width: 450px\" class=\"wp-caption alignright\"><a href=\"https:\/\/jornaldaregiao.com\/ajustes\/wp-content\/uploads\/2021\/01\/Vacinas-Duas-Barras-II.jpg\"><img decoding=\"async\" class=\"size-full wp-image-23674\" src=\"https:\/\/jornaldaregiao.com\/ajustes\/wp-content\/uploads\/2021\/01\/Vacinas-Duas-Barras-II.jpg\" alt=\"T\u00e9cnica em enfermagem \u00e9 a primeira pessoa vacinada contra Covid-19 em Duas Barras\" width=\"450\" height=\"300\" srcset=\"https:\/\/jornaldaregiao.com\/ajustes\/wp-content\/uploads\/2021\/01\/Vacinas-Duas-Barras-II.jpg 450w, https:\/\/jornaldaregiao.com\/ajustes\/wp-content\/uploads\/2021\/01\/Vacinas-Duas-Barras-II-300x200.jpg 300w\" sizes=\"(max-width: 450px) 100vw, 450px\" \/><\/a><figcaption id=\"caption-attachment-23674\" class=\"wp-caption-text\">O Prefeito de Duas Barras, Dr. Fabricio, pediu paci\u00eancia e compreens\u00e3o \u00e0 popula\u00e7\u00e3o<\/figcaption><\/figure>\n<p>O Prefeito de Duas Barras, Dr. Fabricio disse que se sente honrado em aplicar a primeira dose na colega de trabalho, pediu paci\u00eancia e compreens\u00e3o \u00e0 popula\u00e7\u00e3o e destacou a palavra esperan\u00e7a.<\/p>\n<p>&#8220;<em>Foi uma honra pra mim como m\u00e9dico aplicar a primeira dose da vacina no munic\u00edpio em uma colega de trabalho de anos na Sa\u00fade de Duas Barras. N\u00f3s est\u00e1vamos lutando em desespero, agora estamos com a esperan\u00e7a na certeza de dias melhores, vamos esperar mais um pouquinho, pois vamos todos ter direito a vacina<\/em>&#8220;, afirmou.<br \/>\nEle tamb\u00e9m informou que quem determina a quantidade de doses para cada Munic\u00edpio \u00e9 o Minist\u00e9rio da Sa\u00fade. Ressaltou a import\u00e2ncia essencial do uso da m\u00e1scara, solicitando \u00e0 popula\u00e7\u00e3o que mantenha as medidas de prote\u00e7\u00e3o e ainda agradeceu o empenho do ministro da Sa\u00fade, do secret\u00e1rio Estadual de Sa\u00fade, do governador do Rio Cl\u00e1udio Castro e do presidente do Brasil.<\/p>\n<p>O secret\u00e1rio de Sa\u00fade Frederico de Castro Alves (Fred), disse que a batalha ainda est\u00e1 no in\u00edcio e lembrou que a quantidade recebida, 130 doses, inicialmente ir\u00e1 priorizar os profissionais de sa\u00fade, pessoas que diariamente se arriscam por conta do exerc\u00edcio do seu dever.<\/p>\n","protected":false},"excerpt":{"rendered":"<p>A t\u00e9cnica de enfermagem, Maria Aparecida dos Santos Ara\u00fajo, 57 anos, foi a primeira pessoa a ser vacinada contra o novo coronav\u00edrus no Munic\u00edpio de Duas Barras, nesta ter\u00e7a-feira (19), na Policl\u00ednica Municipal. O m\u00e9dico e prefeito de Duas Barras, Dr. Fabricio Luiz Lima Ayres, foi quem aplicou a vacina na profissional de sa\u00fade, que [&hellip;]<\/p>\n","protected":false},"author":3,"featured_media":23673,"comment_status":"open","ping_status":"open","sticky":false,"template":"","format":"standard","meta":{"footnotes":""},"categories":[7211,27,32],"tags":[],"class_list":["post-23672","post","type-post","status-publish","format-standard","has-post-thumbnail","hentry","category-covid-19","category-destaque","category-noticias"],"_links":{"self":[{"href":"https:\/\/jornaldaregiao.com\/ajustes\/wp-json\/wp\/v2\/posts\/23672","targetHints":{"allow":["GET"]}}],"collection":[{"href":"https:\/\/jornaldaregiao.com\/ajustes\/wp-json\/wp\/v2\/posts"}],"about":[{"href":"https:\/\/jornaldaregiao.com\/ajustes\/wp-json\/wp\/v2\/types\/post"}],"author":[{"embeddable":true,"href":"https:\/\/jornaldaregiao.com\/ajustes\/wp-json\/wp\/v2\/users\/3"}],"replies":[{"embeddable":true,"href":"https:\/\/jornaldaregiao.com\/ajustes\/wp-json\/wp\/v2\/comments?post=23672"}],"version-history":[{"count":2,"href":"https:\/\/jornaldaregiao.com\/ajustes\/wp-json\/wp\/v2\/posts\/23672\/revisions"}],"predecessor-version":[{"id":23677,"href":"https:\/\/jornaldaregiao.com\/ajustes\/wp-json\/wp\/v2\/posts\/23672\/revisions\/23677"}],"wp:featuredmedia":[{"embeddable":true,"href":"https:\/\/jornaldaregiao.com\/ajustes\/wp-json\/wp\/v2\/media\/23673"}],"wp:attachment":[{"href":"https:\/\/jornaldaregiao.com\/ajustes\/wp-json\/wp\/v2\/media?parent=23672"}],"wp:term":[{"taxonomy":"category","embeddable":true,"href":"https:\/\/jornaldaregiao.com\/ajustes\/wp-json\/wp\/v2\/categories?post=23672"},{"taxonomy":"post_tag","embeddable":true,"href":"https:\/\/jornaldaregiao.com\/ajustes\/wp-json\/wp\/v2\/tags?post=23672"}],"curies":[{"name":"wp","href":"https:\/\/api.w.org\/{rel}","templated":true}]}}