{"id":23713,"date":"2021-01-20T10:25:36","date_gmt":"2021-01-20T13:25:36","guid":{"rendered":"https:\/\/jornaldaregiao.com\/ajustes\/?p=23713"},"modified":"2021-01-20T10:25:36","modified_gmt":"2021-01-20T13:25:36","slug":"escolas-fechadas-podem-representar-retrocesso-de-ate-quatro-anos-na-aprendizagem","status":"publish","type":"post","link":"https:\/\/jornaldaregiao.com\/ajustes\/escolas-fechadas-podem-representar-retrocesso-de-ate-quatro-anos-na-aprendizagem\/","title":{"rendered":"Escolas fechadas podem representar retrocesso de at\u00e9 quatro anos na aprendizagem"},"content":{"rendered":"<p>Um estudo encomendado pela Funda\u00e7\u00e3o Lemann e produzido pela Funda\u00e7\u00e3o Getulio Vargas (FGV) mostra o impacto da suspens\u00e3o de aulas na pandemia. De acordo com os resultados da pesquisa, o aprendizado n\u00e3o realizado no Pa\u00eds em 2020, durante o per\u00edodo de escolas fechadas, pode ser superior \u00e0 evolu\u00e7\u00e3o de profici\u00eancia dos estudantes observada nos \u00faltimos quatro anos, tanto em matem\u00e1tica quanto em l\u00edngua portuguesa.<\/p>\n<p>O estudo utilizou como base par\u00e2metros do aprendizado em l\u00edngua portuguesa e matem\u00e1tica medido pelo Sistema de Avalia\u00e7\u00e3o da Educa\u00e7\u00e3o B\u00e1sica (Saeb) entre 2015 e 2019, e comparou cen\u00e1rios poss\u00edveis de alunos do Ensino M\u00e9dio e Ensino Fundamental 2, do 5\u00ba ao 9\u00ba ano, durante o modelo de aulas virtuais, uma metodologia baseada em estudo do Banco Mundial.<\/p>\n<p>A pesquisa analisou tr\u00eas perspectivas. Na otimista, os alunos aprenderiam atrav\u00e9s do ensino remoto o mesmo que no ensino presencial. Na intermedi\u00e1ria, eles aprenderiam uma medida proporcional \u00e0s horas gastas com atividades escolares virtuais. J\u00e1 na pessimista, os estudantes n\u00e3o aprenderiam com o ensino remoto. Os resultados mais dr\u00e1sticos mostram que o aprendizado n\u00e3o realizado em 2020 pelos alunos do 9\u00ba ano pode ser superior \u00e0 evolu\u00e7\u00e3o de profici\u00eancia dos \u00faltimos quatro anos. Para alunos do 3\u00ba ano do ensino m\u00e9dio, o que deixou de ser aprendido seria inferior \u00e0 evolu\u00e7\u00e3o alcan\u00e7ada entre 2015 e 2019.<\/p>\n<p>&nbsp;<\/p>\n<p><a href=\"https:\/\/jornaldaregiao.com\/ajustes\/wp-content\/uploads\/2021\/01\/content_ensino-pandemia_1.png\"><img fetchpriority=\"high\" decoding=\"async\" class=\"aligncenter size-full wp-image-23715\" src=\"https:\/\/jornaldaregiao.com\/ajustes\/wp-content\/uploads\/2021\/01\/content_ensino-pandemia_1.png\" alt=\"Ensino em tempos de pandemia\" width=\"600\" height=\"400\" srcset=\"https:\/\/jornaldaregiao.com\/ajustes\/wp-content\/uploads\/2021\/01\/content_ensino-pandemia_1.png 600w, https:\/\/jornaldaregiao.com\/ajustes\/wp-content\/uploads\/2021\/01\/content_ensino-pandemia_1-300x200.png 300w\" sizes=\"(max-width: 600px) 100vw, 600px\" \/><\/a><\/p>\n<p style=\"text-align: center;\"><em>Ensino em tempos de pandemia<\/em><\/p>\n<p>&nbsp;<\/p>\n<p>Outra contextualiza\u00e7\u00e3o com os mesmos estudos, apresentados com uma metodologia diferente, mostra que os alunos deixaram de aprender, em 2020, o equivalente a 72% de um ano t\u00edpico para o Ensino Fundamental 2 e para o Ensino M\u00e9dio, no cen\u00e1rio pessimista. Mesmo no contexto mais otimista, o aprendizado s\u00f3 chega entre 14% e 15% de um ano normal, para essas mesmas faixas et\u00e1rias.<\/p>\n<p>Daniela Caldeirinha, diretora de projetos da Funda\u00e7\u00e3o Lemann, lembra da dificuldade de manuten\u00e7\u00e3o de v\u00ednculo com as escolas e do desvio de atividades dos alunos, que muitas vezes se v\u00eam obrigados a contribuir com atividades de trabalho. \u201c<em>Nesses segmentos, no Fundamental 2 e no Ensino M\u00e9dio, est\u00e3o os alunos adolescentes e jovens. Eles s\u00e3o muito impactados pela interrup\u00e7\u00e3o das aulas. Dependendo da condi\u00e7\u00e3o familiar, da conjuntura em que o aluno vive, esses adolescentes acabam tendo que assumir responsabilidades da fam\u00edlia, como trabalhar. Em um cen\u00e1rio de crise social e econ\u00f4mica, \u00e9 isso que acaba acontecendo<\/em>\u201d, lembra.<\/p>\n<p>A segmenta\u00e7\u00e3o do estudo tamb\u00e9m permite an\u00e1lises e interven\u00e7\u00f5es. Quando observadas as regi\u00f5es mais afetadas pelas lacunas do ensino remoto, percebe-se que os alunos de estados do Norte e Nordeste deixaram de aprender mais do que estudantes dos estados do Sul e Sudeste durante a pandemia da Covid-19. Os grupos de pessoas negras, com m\u00e3es com ensino fundamental incompleto ou sem instru\u00e7\u00e3o tamb\u00e9m aparecem como os mais prejudicados pela suspens\u00e3o das aulas.<\/p>\n<p>Rafael Parente, Diretor da BE\u0128 Educa\u00e7\u00e3o e PhD em Educa\u00e7\u00e3o, alerta para o fato de que o n\u00famero de alunos sem acesso a nenhuma atividade dos portais digitais chega a 50% em algumas redes estaduais, o que caracteriza uma \u201c<em>cat\u00e1strofe educacional em curso<\/em>\u201d. Para ele, \u00e9 preciso pensar alternativas aos meios tecnol\u00f3gicos, como a utiliza\u00e7\u00e3o de materiais impressos ou dos canais de tev\u00eas e r\u00e1dios, por exemplo, que alcan\u00e7am a popula\u00e7\u00e3o mais carente.<\/p>\n<p>\u201c<em>Desde o in\u00edcio da pandemia, n\u00f3s, gestores, pessoas que desenham as pol\u00edticas p\u00fablicas e pessoas que implementam as pol\u00edticas p\u00fablicas, t\u00ednhamos de dar mais aten\u00e7\u00e3o e real prioriza\u00e7\u00e3o aos alunos mais pobres, aos mais exclu\u00eddos, \u00e0queles que realmente podem depender mais da escola, inclusive por quest\u00f5es de alimenta\u00e7\u00e3o. Todas as nossas pol\u00edticas, desde o in\u00edcio, n\u00e3o deveriam ter sido voltadas para tecnologias digitais, porque j\u00e1 sabemos, h\u00e1 muito tempo, que existe um fosso entre aqueles que t\u00eam acesso a computadores, aos celulares, internet de qualidade, e aqueles que n\u00e3o tem<\/em>\u201d, avalia.<\/p>\n<p>Nesse contexto, buscar alternativas de aproxima\u00e7\u00e3o com os estudantes mais afetados pelas lacunas sociais \u00e9 outra chave para a minimiza\u00e7\u00e3o dos impactos. \u00c9 isso que acredita Luiz Miguel Martins Garcia, Dirigente Municipal de Educa\u00e7\u00e3o de Sud Mennucci\/SP e presidente da Uni\u00e3o Nacional dos Dirigentes Municipais de Educa\u00e7\u00e3o (Undime).<\/p>\n<p>\u201c<em>Grande parte das redes, passaram a oferecer algum tipo de atendimento aos alunos, proporcionar um contato da escola com esses estudantes, possibilitando o desenvolvimento de atividades pedag\u00f3gicas, que est\u00e3o muito longe daquilo que se espera em uma rela\u00e7\u00e3o com o professor, mas que n\u00e3o deixou paralisado, fora desse novo cotidiano do aluno, da agenda da escola. Aprendemos muito, desenvolvemos o que foi poss\u00edvel, muita coisa foi feita, e foi positivo, sobretudo no sentido de manter o v\u00ednculo com os estudantes.<\/em>\u201d<\/p>\n<p>Enquanto novas metodologias s\u00e3o estudadas para reduzir a perda da aprendizagem, continuam os debates sobre o retorno \u00e0s aulas presenciais na pandemia. Especialistas lembram que se trata de um tema complexo. Uma plataforma lan\u00e7ada recentemente, a Escola Segura, est\u00e1 dispon\u00edvel online com informa\u00e7\u00f5es de protocolos, simuladores e checklist para orientar todas as etapas de planejamento de retornos, por exemplo. O Censo Escolar da Educa\u00e7\u00e3o B\u00e1sica de 2020 calcula que o Pa\u00eds tem 35,9 milh\u00f5es de estudantes nas escolas p\u00fablicas.<\/p>\n<p><strong>Fonte<\/strong>: <a href=\"https:\/\/brasil61.com\/noticias\/escolas-fechadas-podem-representar-retrocesso-de-ate-quatro-anos-na-aprendizagem-bras213463\">Brasil 61<\/a><\/p>\n","protected":false},"excerpt":{"rendered":"<p>Um estudo encomendado pela Funda\u00e7\u00e3o Lemann e produzido pela Funda\u00e7\u00e3o Getulio Vargas (FGV) mostra o impacto da suspens\u00e3o de aulas na pandemia. De acordo com os resultados da pesquisa, o aprendizado n\u00e3o realizado no Pa\u00eds em 2020, durante o per\u00edodo de escolas fechadas, pode ser superior \u00e0 evolu\u00e7\u00e3o de profici\u00eancia dos estudantes observada nos \u00faltimos [&hellip;]<\/p>\n","protected":false},"author":3,"featured_media":23714,"comment_status":"open","ping_status":"open","sticky":false,"template":"","format":"standard","meta":{"footnotes":""},"categories":[7211,27,3],"tags":[],"class_list":["post-23713","post","type-post","status-publish","format-standard","has-post-thumbnail","hentry","category-covid-19","category-destaque","category-geral"],"_links":{"self":[{"href":"https:\/\/jornaldaregiao.com\/ajustes\/wp-json\/wp\/v2\/posts\/23713","targetHints":{"allow":["GET"]}}],"collection":[{"href":"https:\/\/jornaldaregiao.com\/ajustes\/wp-json\/wp\/v2\/posts"}],"about":[{"href":"https:\/\/jornaldaregiao.com\/ajustes\/wp-json\/wp\/v2\/types\/post"}],"author":[{"embeddable":true,"href":"https:\/\/jornaldaregiao.com\/ajustes\/wp-json\/wp\/v2\/users\/3"}],"replies":[{"embeddable":true,"href":"https:\/\/jornaldaregiao.com\/ajustes\/wp-json\/wp\/v2\/comments?post=23713"}],"version-history":[{"count":1,"href":"https:\/\/jornaldaregiao.com\/ajustes\/wp-json\/wp\/v2\/posts\/23713\/revisions"}],"predecessor-version":[{"id":23716,"href":"https:\/\/jornaldaregiao.com\/ajustes\/wp-json\/wp\/v2\/posts\/23713\/revisions\/23716"}],"wp:featuredmedia":[{"embeddable":true,"href":"https:\/\/jornaldaregiao.com\/ajustes\/wp-json\/wp\/v2\/media\/23714"}],"wp:attachment":[{"href":"https:\/\/jornaldaregiao.com\/ajustes\/wp-json\/wp\/v2\/media?parent=23713"}],"wp:term":[{"taxonomy":"category","embeddable":true,"href":"https:\/\/jornaldaregiao.com\/ajustes\/wp-json\/wp\/v2\/categories?post=23713"},{"taxonomy":"post_tag","embeddable":true,"href":"https:\/\/jornaldaregiao.com\/ajustes\/wp-json\/wp\/v2\/tags?post=23713"}],"curies":[{"name":"wp","href":"https:\/\/api.w.org\/{rel}","templated":true}]}}