{"id":2437,"date":"2012-12-05T13:30:12","date_gmt":"2012-12-05T15:30:12","guid":{"rendered":"http:\/\/playartedesign.com\/jornaldaregiao\/2012\/12\/05\/ex-diretor-do-der-nao-sera-secretario\/"},"modified":"2012-12-05T13:30:12","modified_gmt":"2012-12-05T15:30:12","slug":"ex-diretor-do-der-nao-sera-secretario","status":"publish","type":"post","link":"https:\/\/jornaldaregiao.com\/ajustes\/ex-diretor-do-der-nao-sera-secretario\/","title":{"rendered":"Ex-diretor do DER n\u00e3o ser\u00e1 secret\u00e1rio"},"content":{"rendered":"<p><p style=\"text-align: justify;\">O engenheiro aposentado do Departamento de Estradas de Rodagem do Estado do Rio (DER-RJ), Edvard Scizinio Dias n\u00e3o aceitou o convite para assumir o cargo de secret\u00e1rio municipal de Obras em Cantagalo. Segundo ele, seria uma honra muito grande trabalhar em Cantagalo, pois foi um dos melhores lugares em que trabalhou e tem muitos amigos no munic\u00edpio, mas j\u00e1 havia um acordo h\u00e1 muito tempo com o futuro prefeito de Nova Friburgo, Rog\u00e9rio Cabral, para assumir cargo em uma reparti\u00e7\u00e3o estadual do munic\u00edpio.<\/p>\n<p style=\"text-align: justify;\">\u00a0<\/p>\n<h3>Juiz vai embora<\/h3>\n<p style=\"text-align: justify;\">O juiz titular da comarca de Cantagalo, M\u00e1rcio Barenco, poder\u00e1 deixar a comarca no in\u00edcio de 2013. Ele est\u00e1 disputando uma vaga surgida em Para\u00edba do Sul. Barenco \u00e9 natural de Petr\u00f3polis, mas, atualmente, mora em Juiz de Fora (MG) e sua ida para Para\u00edba do Sul facilitaria bastante para o magistrado, que estaria mais perto de casa, com cerca de pouco mais de uma hora de viagem.<\/p>\n<p style=\"text-align: justify;\">\u00a0<\/p>\n<h3>Poucas vendas<\/h3>\n<p style=\"text-align: justify;\">As vendas do com\u00e9rcio no final de ano ainda n\u00e3o foram aquecidas. O movimento nas lojas de Cantagalo e Cordeiro pouco aumentou. Os comerciantes afirmam que as vendas s\u00f3 devem aquecer nos dias mais pr\u00f3ximos ao Natal.<\/p>\n<p style=\"text-align: justify;\">Em Nova Friburgo, o com\u00e9rcio j\u00e1 est\u00e1 autorizado a funcionar aos domingos e at\u00e9 mais tarde para atender melhor aos seus clientes.<\/p>\n<p style=\"text-align: justify;\">\u00a0<\/p>\n<h3>\u2018Roberto Medina\u2019<\/h3>\n<p style=\"text-align: justify;\">O empres\u00e1rio Jorge N\u00f3brega Richa, o Coquinha, j\u00e1 est\u00e1 sendo chamado do \u201cRoberto Medina\u201d da regi\u00e3o. Depois de organizar, por dois anos, a Exposi\u00e7\u00e3o de Cordeiro, durante o governo de Joaquim Tavares, e presidir a Associa\u00e7\u00e3o Comercial de Cantagalo, viabilizando shows e eventos na cidade, agora est\u00e1 concentrado na viabiliza\u00e7\u00e3o da constru\u00e7\u00e3o de um parque multiuso de eventos na Fazenda da Aldeia, onde funcionava o Cica.<\/p>\n<p style=\"text-align: justify;\">\u00a0<\/p>\n<h3>Cotados<\/h3>\n<p style=\"text-align: justify;\">A equipe de transi\u00e7\u00e3o do prefeito eleito de Cordeiro, Salom\u00e3o Lemos Gon\u00e7alves (PR), \u00e9 composta pelos advogados F\u00e1bio Motta, Juninho da Sa\u00fade, Rilley Werneck e Marcelo Pereira, que s\u00e3o cotados para ocupar cargos na futura administra\u00e7\u00e3o. Salom\u00e3o Gon\u00e7alves j\u00e1 anunciou os nomes do m\u00e9dico Gerson para a Secretaria de Sa\u00fade, e de Fanny do Volley para a Secretaria de Esporte, e dever\u00e1 anunciar outros nomes em breve.<\/p>\n<p style=\"text-align: justify;\">\u00a0<\/p>\n<h3>Acidente mata carreteiro em Bom Jardim<\/h3>\n<p style=\"text-align: justify;\">Um grave acidente ocorrido s\u00e1bado passado, 1\u00ba de dezembro, na RJ-116 (Macuco-Nova Friburgo-Itabora\u00ed), altura da cidade de Bom Jardim, matou o carreteiro Anderson Fran\u00e7a Machado, que n\u00e3o resistiu aos ferimentos e morreu no local. A Pol\u00edcia Rodovi\u00e1ria informou que a carreta se chocou no barranco e capotou. A suspeita \u00e9 de que o motorista tenha dormido ao volante, embora as causas do acidente ainda estejam sendo investigadas com dados da per\u00edcia t\u00e9cnica.<\/p>\n<p style=\"text-align: justify;\">\u00a0<\/p>\n<h3>Bancos comunit\u00e1rios<\/h3>\n<p style=\"text-align: justify;\">Os bancos comunit\u00e1rios, criados para fomentar a economia de comunidades carentes, est\u00e3o se transformando numa realidade no Brasil. Eles j\u00e1 chegam ao total de 81, gra\u00e7as ao apoio da Secretaria Nacional de Economia Solid\u00e1ria, do Minist\u00e9rio do Trabalho e Emprego. Criados para dar suporte \u00e0s popula\u00e7\u00f5es desfavorecidas, os Bancos Comunit\u00e1rios de Desenvolvimento, como s\u00e3o formalmente conhecidos, destacam-se como uma pr\u00e1tica das finan\u00e7as solid\u00e1rias voltada para o combate \u00e0 extrema pobreza no Pa\u00eds.<\/p>\n<p style=\"text-align: justify;\">\u00a0<\/p>\n<h3>Mais instala\u00e7\u00f5es<\/h3>\n<p style=\"text-align: justify;\">Os empres\u00e1rios Mesak e Alandark do Couto estar\u00e3o inaugurando as novas instala\u00e7\u00f5es do quarto andar do pr\u00e9dio da empresa Almek Center, em Boa Sorte, quinto distrito de Cantagalo, nesta quinta-feira (6). A grande novidade \u00e9 o centro cultural que a empresa est\u00e1 criando, com um grande acervo cultural da hist\u00f3ria de Cantagalo. Inclusive, uma m\u00e1quina retroescavadeira antiga, que era puxada por animais, do in\u00edcio do s\u00e9culo, est\u00e1 em exposi\u00e7\u00e3o em frente ao pr\u00e9dio da empresa, no Centro de Boa Sorte.<\/p>\n<p style=\"text-align: justify;\">\u00a0<\/p>\n<h3>Secretariado em Cantagalo<\/h3>\n<p style=\"text-align: justify;\">Nos pr\u00f3ximos dias, o prefeito eleito de Cantagalo, Saulo Gouv\u00eaa (PT), dever\u00e1 anunciar os nomes que compor\u00e3o o futuro secretariado da Prefeitura. Cogita-se de que dever\u00e1 permanecer com mais de 50% dos atuais secret\u00e1rios. Os nomes de Fabiana Corr\u00eaa, Alan Barros, Roberto Robadey, Ubiratan Fran\u00e7a, M\u00e1rcio Longo, \u00c2ngelo Machado, Jussara de Paula, Rodrigo Voll\u00fa, Luciano Falc\u00e3o e Jos\u00e9 Leopoldo Goulart s\u00e3o cotados para compor o time de Saulo Gouv\u00eaa a partir de janeiro.<\/p><\/p>\n","protected":false},"excerpt":{"rendered":"<p>O engenheiro aposentado do Departamento de Estradas de Rodagem do Estado do Rio (DER-RJ), Edvard Scizinio Dias n\u00e3o aceitou o convite para assumir o cargo de secret\u00e1rio municipal de Obras em Cantagalo. Segundo ele, seria uma honra muito grande trabalhar em Cantagalo, pois foi um dos melhores lugares em que trabalhou e tem muitos amigos [&hellip;]<\/p>\n","protected":false},"author":5,"featured_media":0,"comment_status":"open","ping_status":"open","sticky":false,"template":"","format":"standard","meta":{"footnotes":""},"categories":[13],"tags":[],"class_list":["post-2437","post","type-post","status-publish","format-standard","hentry","category-informe-jr"],"_links":{"self":[{"href":"https:\/\/jornaldaregiao.com\/ajustes\/wp-json\/wp\/v2\/posts\/2437","targetHints":{"allow":["GET"]}}],"collection":[{"href":"https:\/\/jornaldaregiao.com\/ajustes\/wp-json\/wp\/v2\/posts"}],"about":[{"href":"https:\/\/jornaldaregiao.com\/ajustes\/wp-json\/wp\/v2\/types\/post"}],"author":[{"embeddable":true,"href":"https:\/\/jornaldaregiao.com\/ajustes\/wp-json\/wp\/v2\/users\/5"}],"replies":[{"embeddable":true,"href":"https:\/\/jornaldaregiao.com\/ajustes\/wp-json\/wp\/v2\/comments?post=2437"}],"version-history":[{"count":0,"href":"https:\/\/jornaldaregiao.com\/ajustes\/wp-json\/wp\/v2\/posts\/2437\/revisions"}],"wp:attachment":[{"href":"https:\/\/jornaldaregiao.com\/ajustes\/wp-json\/wp\/v2\/media?parent=2437"}],"wp:term":[{"taxonomy":"category","embeddable":true,"href":"https:\/\/jornaldaregiao.com\/ajustes\/wp-json\/wp\/v2\/categories?post=2437"},{"taxonomy":"post_tag","embeddable":true,"href":"https:\/\/jornaldaregiao.com\/ajustes\/wp-json\/wp\/v2\/tags?post=2437"}],"curies":[{"name":"wp","href":"https:\/\/api.w.org\/{rel}","templated":true}]}}