{"id":2627,"date":"2013-01-24T14:02:26","date_gmt":"2013-01-24T16:02:26","guid":{"rendered":"http:\/\/playartedesign.com\/jornaldaregiao\/2013\/01\/24\/jovens-cantagalenses-homenageiam-euclides-no-aniversario-do-escritor\/"},"modified":"2013-01-24T14:02:26","modified_gmt":"2013-01-24T16:02:26","slug":"jovens-cantagalenses-homenageiam-euclides-no-aniversario-do-escritor","status":"publish","type":"post","link":"https:\/\/jornaldaregiao.com\/ajustes\/jovens-cantagalenses-homenageiam-euclides-no-aniversario-do-escritor\/","title":{"rendered":"Jovens cantagalenses homenageiam  Euclides no anivers\u00e1rio do escritor"},"content":{"rendered":"<p><p style=\"text-align: justify;\">Uma parceria entre o Grupo Euclidiano de Atividades Culturais (Geac) e a Juventude Euclidiana Cantagalense homenageou o escritor cantagalense Euclides da Cunha, domingo passado, 20 de janeiro, por ocasi\u00e3o da passagem dos 147 anos de nascimento do escritor. Os jovens reuniram-se na Pra\u00e7a Jo\u00e3o XXIII, no Centro da cidade, em frente \u00e0 herma (busto) de Euclides da Cunha e prestaram homenagens ao filho mais ilustre de Cantagalo.<\/p>\n<p style=\"text-align: justify;\"><img decoding=\"async\" class=\"caption\" src=\"noticias\/1209_pgina 10 - euclides.jpg\" border=\"0\" title=\"Assuntos de interesse do movimento euclidiano foram debatidos durante a homenagem, que lembrou os 147 anos de nascimento do ilustre cantagalense - Foto: DIVULGA\u00c7\u00c3O\" \/><\/p>\n<p style=\"text-align: justify;\">Durante a homenagem, foram discutidos assuntos de interesse euclidiano. V\u00e1rias propostas para a\u00e7\u00f5es e eventos conjuntos entre as duas entidades foram analisadas e uma em especial merece toda a aten\u00e7\u00e3o: os 150 anos de Euclides em 2016, ano em que Euclides ser\u00e1 homenageado e lembrado no pa\u00eds inteiro. O grupo agendou uma nova reuni\u00e3o para esta semana, quando as a\u00e7\u00f5es propostas ser\u00e3o postas em pr\u00e1tica.<\/p>\n<p style=\"text-align: justify;\">O Geac e a Juventude Euclidiana Cantagalense foram representados no evento por Alex Vieitas, Fernanda Bruni, Marcos Longo, Igor Ferreira, Matheus Guzzo, Amanda Bello e Maria Laura Reis.<\/p>\n<p style=\"text-align: justify;\">No mesmo dia, foi celebrada uma missa em a\u00e7\u00e3o de gra\u00e7as a Euclides da Cunha, na Igreja Matriz do Sant\u00edssimo Sacramento de Cantagalo, a pedido da diretora da Casa de Euclides da Cunha, professora Fany Pinheiro Teixeira Abrahim.<\/p><\/p>\n","protected":false},"excerpt":{"rendered":"<p>Uma parceria entre o Grupo Euclidiano de Atividades Culturais (Geac) e a Juventude Euclidiana Cantagalense homenageou o escritor cantagalense Euclides da Cunha, domingo passado, 20 de janeiro, por ocasi\u00e3o da passagem dos 147 anos de nascimento do escritor. Os jovens reuniram-se na Pra\u00e7a Jo\u00e3o XXIII, no Centro da cidade, em frente \u00e0 herma (busto) de [&hellip;]<\/p>\n","protected":false},"author":5,"featured_media":0,"comment_status":"open","ping_status":"open","sticky":false,"template":"","format":"standard","meta":{"footnotes":""},"categories":[3],"tags":[],"class_list":["post-2627","post","type-post","status-publish","format-standard","hentry","category-geral"],"_links":{"self":[{"href":"https:\/\/jornaldaregiao.com\/ajustes\/wp-json\/wp\/v2\/posts\/2627","targetHints":{"allow":["GET"]}}],"collection":[{"href":"https:\/\/jornaldaregiao.com\/ajustes\/wp-json\/wp\/v2\/posts"}],"about":[{"href":"https:\/\/jornaldaregiao.com\/ajustes\/wp-json\/wp\/v2\/types\/post"}],"author":[{"embeddable":true,"href":"https:\/\/jornaldaregiao.com\/ajustes\/wp-json\/wp\/v2\/users\/5"}],"replies":[{"embeddable":true,"href":"https:\/\/jornaldaregiao.com\/ajustes\/wp-json\/wp\/v2\/comments?post=2627"}],"version-history":[{"count":0,"href":"https:\/\/jornaldaregiao.com\/ajustes\/wp-json\/wp\/v2\/posts\/2627\/revisions"}],"wp:attachment":[{"href":"https:\/\/jornaldaregiao.com\/ajustes\/wp-json\/wp\/v2\/media?parent=2627"}],"wp:term":[{"taxonomy":"category","embeddable":true,"href":"https:\/\/jornaldaregiao.com\/ajustes\/wp-json\/wp\/v2\/categories?post=2627"},{"taxonomy":"post_tag","embeddable":true,"href":"https:\/\/jornaldaregiao.com\/ajustes\/wp-json\/wp\/v2\/tags?post=2627"}],"curies":[{"name":"wp","href":"https:\/\/api.w.org\/{rel}","templated":true}]}}