{"id":3128,"date":"2013-06-12T15:16:39","date_gmt":"2013-06-12T18:16:39","guid":{"rendered":"http:\/\/playartedesign.com\/jornaldaregiao\/2013\/06\/12\/prefeitura-e-banco-do-brasil-realizam-exposicao-em-sao-sebastiao-do-alto\/"},"modified":"2013-06-12T15:16:39","modified_gmt":"2013-06-12T18:16:39","slug":"prefeitura-e-banco-do-brasil-realizam-exposicao-em-sao-sebastiao-do-alto","status":"publish","type":"post","link":"https:\/\/jornaldaregiao.com\/ajustes\/prefeitura-e-banco-do-brasil-realizam-exposicao-em-sao-sebastiao-do-alto\/","title":{"rendered":"Prefeitura e Banco do Brasil realizam exposi\u00e7\u00e3o em S\u00e3o Sebasti\u00e3o do Alto"},"content":{"rendered":"<\/p>\n<p style=\"text-align: justify;\"><img decoding=\"async\" class=\"caption\" src=\"noticias\/1227_pgina 9 - exposio.jpg\" border=\"0\" title=\"Exposi\u00e7\u00e3o tamb\u00e9m levou estudantes da rede municipal a realizarem atividades voltadas ao tema exposto - Foto: RONNIE FIALHO\" \/><\/p>\n<p style=\"text-align: justify;\">Carmod Bastos acrescentou que o espa\u00e7o sempre ser\u00e1 renovado com novas exposi\u00e7\u00f5es ao longo do ano. \u201cO pessoal do Departamento de Cultura tem se empenhado muito. Temos muitas pessoas em nosso munic\u00edpio, talentosas e preocupadas com a quest\u00e3o da cultura. Faltava apenas aquele empurr\u00e3ozinho, uma parceria com o Executivo para que a coisa acontecesse. Ent\u00e3o, sempre teremos um local para as exposi\u00e7\u00f5es, porque um povo que n\u00e3o conhece seu passado, n\u00e3o sabe como trilhar seu futuro\u201d, salientou.<\/p>\n<p style=\"text-align: justify;\">O gerente do Brasil do Brasil em Cantagalo, Dener Sant\u2019Ana, disse ter ficado muito feliz por estar presente nesta iniciativa da Prefeitura, em parceria com a Funda\u00e7\u00e3o Banco do Brasil (FBB). \u201cFirmar a parceria do banco com a Prefeitura com projetos de ordem cultural, projetos sociais, como um todo, \u00e9 muito gratificante. Temos outras mostras e pretendemos traz\u00ea-las para o munic\u00edpio\u201d, destacou.<\/p>\n<p style=\"text-align: justify;\">A secret\u00e1ria de Educa\u00e7\u00e3o e Cultura, S\u00f4nia de Souza Queiroz da Fonseca, ficou feliz com o momento. \u201cEstamos inaugurando a exposi\u00e7\u00e3o de um artista brasileiro refer\u00eancia na literatura e nas artes. Homem simples, de atitudes modestas e, ao mesmo tempo, um grande autor. Atrav\u00e9s dos seus textos, suas cr\u00f4nicas e poemas, ele sempre procurou retratar a realidade do povo brasileiro, que \u00e9 rico em cultura. Temos uma cultura diversificada e rica, que deu certo, exatamente pela criatividade dos diversos povos que vieram formar nossa popula\u00e7\u00e3o\u201d, declarou.<\/p>\n<p style=\"text-align: justify;\">Para finalizar, S\u00f4nia Fonseca falou que S\u00e3o Sebasti\u00e3o do Alto est\u00e1 muito longe de aspectos culturais e eventos neste segmento devido \u00e0 localiza\u00e7\u00e3o geogr\u00e1fica. \u201cSomos do interior e nem sempre temos a oportunidade de vivenciar um evento como este. Ent\u00e3o, penso que estamos estreiando com cartaz e privil\u00e9gio. Hoje, estamos inaugurando esta exposi\u00e7\u00e3o sobre Carlos Drummond de Andrade. \u00c9 o primeiro passo para trabalharmos com os alunos das nossas escolas e, futuramente, desenvolver um trabalho sobre Drummond num incentivo para os estudantes poderem se interessar a ler e, assim, com esta exposi\u00e7\u00e3o, poder aprender cada vez mais\u201d, salientou.<\/p>\n<p style=\"text-align: justify;\">O Projeto Mem\u00f3ria \u00e9 realizado pela FBB desde 1997 com o objetivo de resgatar, difundir e preservar a mem\u00f3ria cultural brasileira por meio de homenagens a personalidades que contribu\u00edram para a transforma\u00e7\u00e3o social e para a constru\u00e7\u00e3o da cultura nacional. Este projeto \u00e9 resultado da parceria entre a FBB, a Petrobras e a Associa\u00e7\u00e3o de Amigos da Casa Rui Barbosa.<\/p>\n","protected":false},"excerpt":{"rendered":"<p style=\"text-align: justify;\" \/>O prefeito de S\u00e3o Sebasti\u00e3o do Alto, Carmod Bastos (PT), fez quest\u00e3o de agradecer ao gerente do Banco do Brasil de Cantagalo, Dener Lu\u00eds dos Reis Sant\u2019Anna, pela parceria. \u201c\u00c9 um prazer e uma alegria estarmos inaugurando esta exposi\u00e7\u00e3o. Se quisermos ter resultados diferentes, temos que ter atitudes diferentes. Esta exposi\u00e7\u00e3o de um homem brasileiro de refer\u00eancia internacional, que marcou seu tempo, visa aproximar a pessoa de Carlos Drummond dos nossos jovens estudantes altenses. Ent\u00e3o, ser\u00e1 extremamente importante que os alunos participem e visitem a exposi\u00e7\u00e3o, e tamb\u00e9m que os professores realizem atividades voltadas \u00e0 exposi\u00e7\u00e3o. Assim, a figura de Drummond deixa de ser algo distante para se tornar mais presente e pr\u00f3ximo do aluno\u201d, frisou. <\/p>\n","protected":false},"author":5,"featured_media":0,"comment_status":"open","ping_status":"open","sticky":false,"template":"","format":"standard","meta":{"footnotes":""},"categories":[3],"tags":[],"class_list":["post-3128","post","type-post","status-publish","format-standard","hentry","category-geral"],"_links":{"self":[{"href":"https:\/\/jornaldaregiao.com\/ajustes\/wp-json\/wp\/v2\/posts\/3128","targetHints":{"allow":["GET"]}}],"collection":[{"href":"https:\/\/jornaldaregiao.com\/ajustes\/wp-json\/wp\/v2\/posts"}],"about":[{"href":"https:\/\/jornaldaregiao.com\/ajustes\/wp-json\/wp\/v2\/types\/post"}],"author":[{"embeddable":true,"href":"https:\/\/jornaldaregiao.com\/ajustes\/wp-json\/wp\/v2\/users\/5"}],"replies":[{"embeddable":true,"href":"https:\/\/jornaldaregiao.com\/ajustes\/wp-json\/wp\/v2\/comments?post=3128"}],"version-history":[{"count":0,"href":"https:\/\/jornaldaregiao.com\/ajustes\/wp-json\/wp\/v2\/posts\/3128\/revisions"}],"wp:attachment":[{"href":"https:\/\/jornaldaregiao.com\/ajustes\/wp-json\/wp\/v2\/media?parent=3128"}],"wp:term":[{"taxonomy":"category","embeddable":true,"href":"https:\/\/jornaldaregiao.com\/ajustes\/wp-json\/wp\/v2\/categories?post=3128"},{"taxonomy":"post_tag","embeddable":true,"href":"https:\/\/jornaldaregiao.com\/ajustes\/wp-json\/wp\/v2\/tags?post=3128"}],"curies":[{"name":"wp","href":"https:\/\/api.w.org\/{rel}","templated":true}]}}