{"id":3135,"date":"2013-06-12T17:26:58","date_gmt":"2013-06-12T20:26:58","guid":{"rendered":"http:\/\/playartedesign.com\/jornaldaregiao\/2013\/06\/12\/alunos-da-academia-bfp-ganham-novas-faixas-em-jiu-jitsu\/"},"modified":"2013-06-12T17:26:58","modified_gmt":"2013-06-12T20:26:58","slug":"alunos-da-academia-bfp-ganham-novas-faixas-em-jiu-jitsu","status":"publish","type":"post","link":"https:\/\/jornaldaregiao.com\/ajustes\/alunos-da-academia-bfp-ganham-novas-faixas-em-jiu-jitsu\/","title":{"rendered":"Alunos da Academia BFP ganham novas faixas em jiu-jitsu"},"content":{"rendered":"<h3>Medida, agora, depende de san\u00e7\u00e3o do governador S\u00e9rgio Cabral<\/h3>\n<p style=\"text-align: justify;\">No \u00faltimo dia 29 de maio, em sua sede, no bairro Lavrinhas, em Cordeiro, a Brazilian Fighter\u2019s Planet (BFP) reuniu seus alunos e fam\u00edlias para mais um momento de grande import\u00e2ncia: a gradua\u00e7\u00e3o de mais um grupo de alunos.<\/p>\n<p style=\"text-align: justify;\">O professor faixa preta Maiky Felipe levou \u00e0 sede os seus alunos BFP adultos e kids, que treinam tamb\u00e9m na Academia Ducorpo, e os treinados pelo monitor Ney M\u00e1rcio dos Santos, da Assembleia de Deus Vit\u00f3ria em Cristo, do bairro Retiro Po\u00e9tico, tamb\u00e9m em Cordeiro, para que, na presen\u00e7a importante de suas fam\u00edlias, pudessem receber suas novas faixas e \u00a0graus.<\/p>\n<p style=\"text-align: justify;\"><img decoding=\"async\" class=\"caption\" src=\"noticias\/1227_pgina 8 - jiu jitiu.jpg\" border=\"0\" title=\"Gradua\u00e7\u00e3o de mais um grupo de alunos movimentou a BFP e reuniu v\u00e1rios familiares dos atletas em 29 de maio - Foto: DIVULGA\u00c7\u00c3O\" \/><\/p>\n<p style=\"text-align: justify;\">O comparecimento maci\u00e7o de todos abrilhantou o evento e teve uma magn\u00edfica recep\u00e7\u00e3o, quando o professor Maiky discorreu sobre a import\u00e2ncia dos esportes de maneira geral e, principalmente, do jiu-jitsu na forma\u00e7\u00e3o cidad\u00e3 dos seus praticantes. Ele enfatizou importantes resgates que s\u00e3o feitos, principalmente do mundo das drogas.<\/p>\n<p style=\"text-align: justify;\">Lembrou a todos os presentes que o jiu-jitsu tem como um de seus objetivos trabalhar limites, respeito, dedica\u00e7\u00e3o, toler\u00e2ncia, al\u00e9m do culto \u00e0 sa\u00fade do corpo e da alma e que, quando se atingem estes objetivos, o equil\u00edbrio emocional e a postura cidad\u00e3 se tornam metas de vida, principalmente entre as crian\u00e7as e adolescentes, que, com certeza, ir\u00e3o se tornar verdadeiros e honrados cidad\u00e3os.<\/p>\n<p style=\"text-align: justify;\">A equipe encerrou as atividades lembrando a import\u00e2ncia da participa\u00e7\u00e3o que deveria haver, por parte da comunidade cordeirense e do poder p\u00fablico, como incentivadores dos projetos esportivos, o que, infelizmente, n\u00e3o tem acontecido com a devida frequ\u00eancia, o que impede que os atletas possam crescer em suas caminhadas e, consequentemente, deixa-se de levar o nome do munic\u00edpio aos campeonatos nacionais e internacionais. Ele esclareceu que s\u00e3o os esportes de contato (jiu-jitsu, MMA, kickboxing, capoeira, karat\u00ea) que mais divulgam o nome do munic\u00edpio para o pa\u00eds.<\/p>\n","protected":false},"excerpt":{"rendered":"<p>Medida, agora, depende de san\u00e7\u00e3o do governador S\u00e9rgio Cabral No \u00faltimo dia 29 de maio, em sua sede, no bairro Lavrinhas, em Cordeiro, a Brazilian Fighter\u2019s Planet (BFP) reuniu seus alunos e fam\u00edlias para mais um momento de grande import\u00e2ncia: a gradua\u00e7\u00e3o de mais um grupo de alunos. O professor faixa preta Maiky Felipe levou [&hellip;]<\/p>\n","protected":false},"author":5,"featured_media":0,"comment_status":"open","ping_status":"open","sticky":false,"template":"","format":"standard","meta":{"footnotes":""},"categories":[2],"tags":[],"class_list":["post-3135","post","type-post","status-publish","format-standard","hentry","category-esporte"],"_links":{"self":[{"href":"https:\/\/jornaldaregiao.com\/ajustes\/wp-json\/wp\/v2\/posts\/3135","targetHints":{"allow":["GET"]}}],"collection":[{"href":"https:\/\/jornaldaregiao.com\/ajustes\/wp-json\/wp\/v2\/posts"}],"about":[{"href":"https:\/\/jornaldaregiao.com\/ajustes\/wp-json\/wp\/v2\/types\/post"}],"author":[{"embeddable":true,"href":"https:\/\/jornaldaregiao.com\/ajustes\/wp-json\/wp\/v2\/users\/5"}],"replies":[{"embeddable":true,"href":"https:\/\/jornaldaregiao.com\/ajustes\/wp-json\/wp\/v2\/comments?post=3135"}],"version-history":[{"count":0,"href":"https:\/\/jornaldaregiao.com\/ajustes\/wp-json\/wp\/v2\/posts\/3135\/revisions"}],"wp:attachment":[{"href":"https:\/\/jornaldaregiao.com\/ajustes\/wp-json\/wp\/v2\/media?parent=3135"}],"wp:term":[{"taxonomy":"category","embeddable":true,"href":"https:\/\/jornaldaregiao.com\/ajustes\/wp-json\/wp\/v2\/categories?post=3135"},{"taxonomy":"post_tag","embeddable":true,"href":"https:\/\/jornaldaregiao.com\/ajustes\/wp-json\/wp\/v2\/tags?post=3135"}],"curies":[{"name":"wp","href":"https:\/\/api.w.org\/{rel}","templated":true}]}}