{"id":3297,"date":"2013-08-08T14:40:13","date_gmt":"2013-08-08T17:40:13","guid":{"rendered":"http:\/\/playartedesign.com\/jornaldaregiao\/2013\/08\/08\/moradores-do-sao-jose-assistem-a-workshop-de-fotografia\/"},"modified":"2013-08-08T14:40:13","modified_gmt":"2013-08-08T17:40:13","slug":"moradores-do-sao-jose-assistem-a-workshop-de-fotografia","status":"publish","type":"post","link":"https:\/\/jornaldaregiao.com\/ajustes\/moradores-do-sao-jose-assistem-a-workshop-de-fotografia\/","title":{"rendered":"Moradores do S\u00e3o Jos\u00e9  assistem a workshop de fotografia"},"content":{"rendered":"<h3>Projeto A\u00e7\u00e3o e Rea\u00e7\u00e3o \u00e9 uma parceria do Instituto Holcim com a Associa\u00e7\u00e3o de Moradores<\/h3>\n<p style=\"text-align: justify;\">Nos dias 26, 27 e 28 de julho, a Associa\u00e7\u00e3o Moradores do Bairro S\u00e3o Jos\u00e9 (AMBSJ) realizou o Workshop de Fotografia de Eventos e Retratos Profissionais, na sede da associa\u00e7\u00e3o, em Cantagalo. A iniciativa faz parte do projeto \u2018A\u00e7\u00e3o e Rea\u00e7\u00e3o\u2019, criado pela entidade, em parceria com o Instituto Holcim, o Programa PorAm\u00e9rica \u2013 promovido e cofinanciado pela RedEAmerica, Banco Interamericano de Desenvolvimento (BID) e a Corpora\u00e7\u00e3o Cons\u00f3rcio para o Desenvolvimento Comunit\u00e1rio \u2013 e o Banco Interamericano de Desenvolvimento\/Fundo Multilateral de Investimento (BID\/Fumin).<\/p>\n<p style=\"text-align: justify;\"><img decoding=\"async\" class=\"caption\" src=\"noticias\/1235_pgina 7 - holcim.jpg\" border=\"0\" title=\"Certificados foram entregues ap\u00f3s o cumprimento de tarefas finais que mostraram a criatividade e o talento do grupo \u2013 Foto: DIVULGA\u00c7\u00c3O\/ARQUIVO DO HISTITUTO HOLCIM\" \/><\/p>\n<p style=\"text-align: justify;\">O encontro contou com a participa\u00e7\u00e3o de 26 pessoas, que tiveram a oportunidade de aprender t\u00e9cnicas de fotografia aplicadas especialmente em eventos e casamentos, passadas pelo fot\u00f3grafo J\u00falio Malosso, como os m\u00e9todos stop motion (t\u00e9cnica de anima\u00e7\u00e3o) e trash the address (proposta de ensaio fotogr\u00e1fico).<\/p>\n<p style=\"text-align: justify;\">Para colocar a teoria em pr\u00e1tica, os alunos passaram por um desafio. Organizados em grupos, fizeram fotos externas de fam\u00edlias e de profissionais exercendo suas atividades, com muita criatividade.<\/p>\n<p style=\"text-align: justify;\">\u2013 Pudemos mostrar para a comunidade do S\u00e3o Jos\u00e9 o valor de um evento grande como este. J\u00e1 fazia algum tempo que n\u00e3o t\u00ednhamos uma movimenta\u00e7\u00e3o dessas aqui na cidade \u2013 disse Denise Ara\u00fajo, presidente da associa\u00e7\u00e3o, que afirma que \u201cse pud\u00e9ssemos, ter\u00edamos finais de semana como esse sempre\u201d.<\/p>\n<p style=\"text-align: justify;\">HOLCIM \u2013 A Holcim Brasil faz parte do grupo su\u00ed\u00e7o Holcim Ltd, l\u00edder mundial no setor, com opera\u00e7\u00f5es em cerca de 70 pa\u00edses. Com um faturamento l\u00edquido de cerca de R$ 1,36 bilh\u00e3o em 2012 e cerca de dois mil colaboradores, a empresa fica entre o quinto e o sexto lugar no ranking das maiores fabricantes de cimento do pa\u00eds. Seu parque industrial \u00e9 composto por tr\u00eas f\u00e1bricas e duas moagens, 13 centrais de concreto entre fixas e m\u00f3veis, e tr\u00eas unidades extratoras de agregados. A companhia tem capacidade produtiva de cinco milh\u00f5es de toneladas de cimento por ano. A Holcim tamb\u00e9m mant\u00e9m, no Brasil, a opera\u00e7\u00e3o da Resotec, divis\u00e3o que oferece solu\u00e7\u00f5es ambientais a partir da tecnologia de coprocessamento de res\u00edduos industriais em fornos de cimento.<\/p>\n<p style=\"text-align: justify;\">A empresa foi a primeira cimenteira do Pa\u00eds a obter a certifica\u00e7\u00e3o ISO 9001. Seus investimentos em meio ambiente lhe garantiram o status de pioneira no setor ao obter a ISO 14001.<\/p>\n<p style=\"text-align: justify;\">Em 2012, o Instituto Holcim comemorou 10 anos, tendo apoiado 60 projetos, 83 mil pessoas e estabelecido 70 parcerias. O Grupo Holcim mant\u00e9m a Holcim Foundation, entidade que atua globalmente na promo\u00e7\u00e3o da constru\u00e7\u00e3o sustent\u00e1vel.<\/p>\n<p style=\"text-align: justify;\">O grupo foi reconhecido, pelo nono ano consecutivo, como um dos l\u00edderes mundiais no \u00cdndice Dow Jones de Sustentabilidade (Dow Jones Sustainability World Index e Dow Jones Sustainability Index STOXX).<\/p>\n","protected":false},"excerpt":{"rendered":"<p>Projeto A\u00e7\u00e3o e Rea\u00e7\u00e3o \u00e9 uma parceria do Instituto Holcim com a Associa\u00e7\u00e3o de Moradores Nos dias 26, 27 e 28 de julho, a Associa\u00e7\u00e3o Moradores do Bairro S\u00e3o Jos\u00e9 (AMBSJ) realizou o Workshop de Fotografia de Eventos e Retratos Profissionais, na sede da associa\u00e7\u00e3o, em Cantagalo. A iniciativa faz parte do projeto \u2018A\u00e7\u00e3o e [&hellip;]<\/p>\n","protected":false},"author":5,"featured_media":0,"comment_status":"open","ping_status":"open","sticky":false,"template":"","format":"standard","meta":{"footnotes":""},"categories":[3],"tags":[],"class_list":["post-3297","post","type-post","status-publish","format-standard","hentry","category-geral"],"_links":{"self":[{"href":"https:\/\/jornaldaregiao.com\/ajustes\/wp-json\/wp\/v2\/posts\/3297","targetHints":{"allow":["GET"]}}],"collection":[{"href":"https:\/\/jornaldaregiao.com\/ajustes\/wp-json\/wp\/v2\/posts"}],"about":[{"href":"https:\/\/jornaldaregiao.com\/ajustes\/wp-json\/wp\/v2\/types\/post"}],"author":[{"embeddable":true,"href":"https:\/\/jornaldaregiao.com\/ajustes\/wp-json\/wp\/v2\/users\/5"}],"replies":[{"embeddable":true,"href":"https:\/\/jornaldaregiao.com\/ajustes\/wp-json\/wp\/v2\/comments?post=3297"}],"version-history":[{"count":0,"href":"https:\/\/jornaldaregiao.com\/ajustes\/wp-json\/wp\/v2\/posts\/3297\/revisions"}],"wp:attachment":[{"href":"https:\/\/jornaldaregiao.com\/ajustes\/wp-json\/wp\/v2\/media?parent=3297"}],"wp:term":[{"taxonomy":"category","embeddable":true,"href":"https:\/\/jornaldaregiao.com\/ajustes\/wp-json\/wp\/v2\/categories?post=3297"},{"taxonomy":"post_tag","embeddable":true,"href":"https:\/\/jornaldaregiao.com\/ajustes\/wp-json\/wp\/v2\/tags?post=3297"}],"curies":[{"name":"wp","href":"https:\/\/api.w.org\/{rel}","templated":true}]}}