{"id":3298,"date":"2013-08-08T15:12:13","date_gmt":"2013-08-08T18:12:13","guid":{"rendered":"http:\/\/playartedesign.com\/jornaldaregiao\/2013\/08\/08\/joao-vitor-vence-de-ponta-a-ponta-o-brasileiro-de-mtb-em-campos\/"},"modified":"2013-08-08T15:12:13","modified_gmt":"2013-08-08T18:12:13","slug":"joao-vitor-vence-de-ponta-a-ponta-o-brasileiro-de-mtb-em-campos","status":"publish","type":"post","link":"https:\/\/jornaldaregiao.com\/ajustes\/joao-vitor-vence-de-ponta-a-ponta-o-brasileiro-de-mtb-em-campos\/","title":{"rendered":"Jo\u00e3o Vitor vence, de ponta a ponta, o Brasileiro de MTB em Campos"},"content":{"rendered":"<h3>Daqui para a frente, segundos lugares bastam para o bicampeonato<\/h3>\n<p style=\"text-align: justify;\">O atleta Jo\u00e3o Vitor Cosendey Zaniboni, de Cordeiro, larga para mais um grande desafio: o Trip Trail S\u00e3o Salvador, na cidade de Campos dos Goytacazes, no Norte do estado do Rio de Janeiro. Pela frente, muita adrenalina, subidas fortes, single tracks e muito esfor\u00e7o f\u00edsico para manter o ritmo da elite do MTB brasileiro.<\/p>\n<p style=\"text-align: justify;\"><img decoding=\"async\" class=\"caption\" src=\"noticias\/1235_pgina 8 - ciclismo.jpg\" border=\"0\" title=\"Jo\u00e3o Vitor Cosendey Zaniboni subiu ao p\u00f3dio mais uma vez e, agora, trabalha para assegurar participa\u00e7\u00e3o nas olimp\u00edadas \u2013 Foto: DIVULGA\u00c7\u00c3O\" \/><\/p>\n<p style=\"text-align: justify;\">Com pilotos vindos at\u00e9 do Nordeste, o atleta cordeirense da juniores deu um show de pilotagem e superou seus advers\u00e1rios, impondo um ritmo forte do in\u00edcio ao fim e conquistando a segunda vit\u00f3ria consecutiva no Brasileiro de MTB, prova v\u00e1lida para o ranking estadual da Fecierj (Federa\u00e7\u00e3o de Ciclismo do Estado do Rio de Janeiro) e brasileiro da CBC (Confedera\u00e7\u00e3o Brasileira de Ciclismo).<\/p>\n<p style=\"text-align: justify;\">Com mais esta vit\u00f3ria, independente da combina\u00e7\u00e3o de resultados, o atleta s\u00f3 precisa de segundos lugares daqui para a frente para se sagrar bicampe\u00e3o estadual de MTB. Por\u00e9m, sua grande preocupa\u00e7\u00e3o \u00e9 com o somat\u00f3rio de pontos. Ele sabe que, quanto mais somar para o ranking brasileiro, mais aumenta suas chances de pensar nas olimp\u00edadas de 2016.<\/p>\n<p style=\"text-align: justify;\">Outro fato impressionante nesta corrida foi a chegada de Jo\u00e3o Vitor entre os dez melhores do Brasil, formando outro p\u00f3dio na d\u00e9cima posi\u00e7\u00e3o no geral, com cerca de 200 competidores.<\/p>\n","protected":false},"excerpt":{"rendered":"<p>Daqui para a frente, segundos lugares bastam para o bicampeonato O atleta Jo\u00e3o Vitor Cosendey Zaniboni, de Cordeiro, larga para mais um grande desafio: o Trip Trail S\u00e3o Salvador, na cidade de Campos dos Goytacazes, no Norte do estado do Rio de Janeiro. Pela frente, muita adrenalina, subidas fortes, single tracks e muito esfor\u00e7o f\u00edsico [&hellip;]<\/p>\n","protected":false},"author":5,"featured_media":0,"comment_status":"open","ping_status":"open","sticky":false,"template":"","format":"standard","meta":{"footnotes":""},"categories":[2],"tags":[],"class_list":["post-3298","post","type-post","status-publish","format-standard","hentry","category-esporte"],"_links":{"self":[{"href":"https:\/\/jornaldaregiao.com\/ajustes\/wp-json\/wp\/v2\/posts\/3298","targetHints":{"allow":["GET"]}}],"collection":[{"href":"https:\/\/jornaldaregiao.com\/ajustes\/wp-json\/wp\/v2\/posts"}],"about":[{"href":"https:\/\/jornaldaregiao.com\/ajustes\/wp-json\/wp\/v2\/types\/post"}],"author":[{"embeddable":true,"href":"https:\/\/jornaldaregiao.com\/ajustes\/wp-json\/wp\/v2\/users\/5"}],"replies":[{"embeddable":true,"href":"https:\/\/jornaldaregiao.com\/ajustes\/wp-json\/wp\/v2\/comments?post=3298"}],"version-history":[{"count":0,"href":"https:\/\/jornaldaregiao.com\/ajustes\/wp-json\/wp\/v2\/posts\/3298\/revisions"}],"wp:attachment":[{"href":"https:\/\/jornaldaregiao.com\/ajustes\/wp-json\/wp\/v2\/media?parent=3298"}],"wp:term":[{"taxonomy":"category","embeddable":true,"href":"https:\/\/jornaldaregiao.com\/ajustes\/wp-json\/wp\/v2\/categories?post=3298"},{"taxonomy":"post_tag","embeddable":true,"href":"https:\/\/jornaldaregiao.com\/ajustes\/wp-json\/wp\/v2\/tags?post=3298"}],"curies":[{"name":"wp","href":"https:\/\/api.w.org\/{rel}","templated":true}]}}