{"id":3755,"date":"2013-12-13T16:23:21","date_gmt":"2013-12-13T18:23:21","guid":{"rendered":"http:\/\/playartedesign.com\/jornaldaregiao\/2013\/12\/13\/conversando-com-o-sindicato\/"},"modified":"2013-12-13T16:23:21","modified_gmt":"2013-12-13T18:23:21","slug":"conversando-com-o-sindicato","status":"publish","type":"post","link":"https:\/\/jornaldaregiao.com\/ajustes\/conversando-com-o-sindicato\/","title":{"rendered":"Conversando com o sindicato"},"content":{"rendered":"<p style=\"text-align: justify;\"><span style=\"line-height: 1.3em;\">Uma reuni\u00e3o entre o prefeito de S\u00e3o Sebasti\u00e3o do Alto, Carmod Bastos (PT), e a dire\u00e7\u00e3o do Sindicato dos Servidores Municipais discutiu a\u00e7\u00f5es para os servidores altenses. A cria\u00e7\u00e3o do aux\u00edlio-refei\u00e7\u00e3o j\u00e1 foi enviado pela Prefeitura para a C\u00e2mara Municipal, para aprecia\u00e7\u00e3o dos vereadores. Um projeto de lei tamb\u00e9m visa alterar a atual condi\u00e7\u00e3o de celetista (pessoal admitido de 1983 a 1988) em quadro suplementar estatut\u00e1rio. O Governo Municipal pretende implantar um plano de cargos e sal\u00e1rios, que ir\u00e1 corrigir perdas e distor\u00e7\u00f5es salariais acumuladas pelos servidores.<\/span><\/p>\n<p style=\"text-align: justify;\"><\/p>\n<h3>Estradas<\/h3>\n<p style=\"text-align: justify;\">O banc\u00e1rio aposentado Jos\u00e9 Edmundo tem elogiado o diretor do DER de Cantagalo, \u00c2ngelo Calvo, pelo que tem sido feito na estrada de S\u00e3o Sebasti\u00e3o do Para\u00edba, quarto distrito de Cantagalo. Al\u00e9m de ter asfaltado em alguns trechos importantes da estrada, a sua manuten\u00e7\u00e3o tem sido importante para o tr\u00e2nsito de ve\u00edculos naquela regi\u00e3o.<\/p>\n<p style=\"text-align: justify;\"><\/p>\n<h3>Roger<\/h3>\n<p style=\"text-align: justify;\">O ex-goleiro Roger Noronha concedeu entrevista \u00e0 TV Bandeirantes para o programa do Neto, em que ser\u00e1 prestada uma homenagem ao goleiro Rog\u00e9rio Ceni. Roger Noronha atuou na reserva do goleiro Rog\u00e9rio Ceni, na equipe paulista, que, recentemente, bateu o recorde como o jogador que mais tempo jogou numa mesma equipe de futebol.<\/p>\n<p style=\"text-align: justify;\"><\/p>\n<h3>Crescimento nas vendas de fim de ano<\/h3>\n<p style=\"text-align: justify;\">A expectativa dos comerciantes para o Natal 2013 de Nova Friburgo, conforme divulgou o CDL e Sincom\u00e9rcio, \u00e9 de crescimento nas vendas na ordem de 10%, em compara\u00e7\u00e3o ao mesmo per\u00edodo do ano passado. As lojas da cidade ter\u00e3o seu hor\u00e1rio de funcionamento estendido at\u00e9 a v\u00e9spera do Natal. A permiss\u00e3o consta da conven\u00e7\u00e3o coletiva de trabalho firmada entre o Sindicato do Com\u00e9rcio Varejista (Sincom\u00e9rcio) e o Sindicato dos Empregados no Com\u00e9rcio de Nova Friburgo.<\/p>\n<p style=\"text-align: justify;\"><\/p>\n<h3>Turismo Rural<\/h3>\n<p style=\"text-align: justify;\">A inaugura\u00e7\u00e3o do projeto tur\u00edstico em Trajano de Moraes, na Fazenda Olaria, est\u00e1 previsto para dia 12 de outubro de 2014. Um livro est\u00e1 sendo preparado pela jornalista Caroline de Moraes, filha do propriet\u00e1rio da fazenda, Cl\u00e1udio Moraes, contando um pouco da hist\u00f3ria, envolvendo os bar\u00f5es daquela \u00e9poca.<\/p>\n<p style=\"text-align: justify;\"><\/p>\n<h3>Corpo de Bombeiros<\/h3>\n<p style=\"text-align: justify;\">A inaugura\u00e7\u00e3o da nova sede do Corpo de Bombeiros no munic\u00edpio de Bom Jardim est\u00e1 prevista para dia 18 de janeiro de 2014. A garantia \u00e9 do secret\u00e1rio de Estado de Defesa Civil e comandante Geral do Corpo de Bombeiros, S\u00e9rgio Sim\u00f5es. Outras cidades da regi\u00e3o poder\u00e3o ganhar sede dos Bombeiros.<\/p>\n<p style=\"text-align: justify;\"><\/p>\n<h3>As vantagens de ser servidor em Cantagalo<\/h3>\n<p style=\"text-align: justify;\">Os servidores da Prefeitura de Cantagalo t\u00eam direito a 14\u00ba sal\u00e1rio, cesta de Natal, t\u00edquete-alimenta\u00e7\u00e3o, atrav\u00e9s de cart\u00e3o para compra no com\u00e9rcio local, no valor de R$ 169,50, transporte, atrav\u00e9s de \u00f4nibus comprado pelo munic\u00edpio para transportar os funcion\u00e1rios que moram em Cordeiro. Al\u00e9m disso, recebem pagamentos dentro do m\u00eas trabalhado e o hor\u00e1rio administrativo \u00e9 de cinco horas e meia di\u00e1rias (11h30min \u00e0s 17h). O Governo Municipal atual assinou decreto dando um dia de folga no dia do anivers\u00e1rio. Se o anivers\u00e1rio cair no final de semana, o servidor poder\u00e1 gozar deste direito em outro dia da semana. Talvez esteja a\u00ed o grande n\u00famero de inscritos no concurso p\u00fablico da Prefeitura, que ultrapassou seis mil pessoas. Muitos querem este tipo de trabalho e benef\u00edcios.<\/p>\n<p style=\"text-align: justify;\"><\/p>\n<h3>Sorteio de carros<\/h3>\n<p style=\"text-align: justify;\">Quem comprar o JORNAL DA REGI\u00c3O nas bancas de Cantagalo e de Cordeiro poder\u00e1 participar de sorteio de carros, motos e v\u00e1rios outros pr\u00eamios. Por apenas R$ 1,50, voc\u00ea compra um exemplar do JR e ganha cinco cupons das campanhas de Natal da Aciacor e da Aciacan, com grandes pr\u00eamios, incluindo carros e motos.<\/p>\n<p style=\"text-align: justify;\"><\/p>\n<h3>Dois padres<\/h3>\n<p style=\"text-align: justify;\">A regi\u00e3o tem se destacado na forma\u00e7\u00e3o de novos padres para a Igreja Cat\u00f3lica.&nbsp;<\/p>\n<p style=\"text-align: justify;\">A Diocese de Nova Friburgo est\u00e1 formando mais dois padres que &nbsp;s\u00e3o de Cantagalo. S\u00e3o eles: Thiago Robadey Fran\u00e7a e Celso Henrique Macedo Diniz. O terceiro foi Gustavo Cinne, que, apesar de carioca, mora em Nova Friburgo.<\/p>\n<p style=\"text-align: justify;\"><\/p>\n<h3>Custo de shows dos artistas<\/h3>\n<p style=\"text-align: justify;\">O show do cantor e compositor S\u00e9rgio Reis, realizado na Exposi\u00e7\u00e3o de Val\u00e3o do Barro, este ano, custou R$ 68 mil para a Prefeitura de S\u00e3o Sebasti\u00e3o do Alto.<\/p>\n<p style=\"text-align: justify;\">J\u00e1 o show da dupla sertaneja Victor e L\u00e9o, que dever\u00e1 se apresentar na festa do bicenten\u00e1rio do munic\u00edpio de Cantagalo, em mar\u00e7o de 2014, custar\u00e1 R$ 248 mil \u00e0 Prefeitura.<\/p>\n<p style=\"text-align: justify;\">S\u00e9rgio Reis est\u00e1 h\u00e1 mais de 40 anos da vida art\u00edstica e a dupla Victor e L\u00e9o est\u00e1 h\u00e1 pouco mais de 20 anos no mercado. Mesmo assim, os pre\u00e7os destes artistas, para cantarem pouco mais de uma hora, s\u00e3o alt\u00edssimos. Por outro lado, s\u00e3o entretenimentos cobrados pela pr\u00f3pria popula\u00e7\u00e3o.<\/p>\n","protected":false},"excerpt":{"rendered":"<p>Uma reuni\u00e3o entre o prefeito de S\u00e3o Sebasti\u00e3o do Alto, Carmod Bastos (PT), e a dire\u00e7\u00e3o do Sindicato dos Servidores Municipais discutiu a\u00e7\u00f5es para os servidores altenses. A cria\u00e7\u00e3o do aux\u00edlio-refei\u00e7\u00e3o j\u00e1 foi enviado pela Prefeitura para a C\u00e2mara Municipal, para aprecia\u00e7\u00e3o dos vereadores. Um projeto de lei tamb\u00e9m visa alterar a atual condi\u00e7\u00e3o de [&hellip;]<\/p>\n","protected":false},"author":5,"featured_media":0,"comment_status":"open","ping_status":"open","sticky":false,"template":"","format":"standard","meta":{"footnotes":""},"categories":[13],"tags":[],"class_list":["post-3755","post","type-post","status-publish","format-standard","hentry","category-informe-jr"],"_links":{"self":[{"href":"https:\/\/jornaldaregiao.com\/ajustes\/wp-json\/wp\/v2\/posts\/3755","targetHints":{"allow":["GET"]}}],"collection":[{"href":"https:\/\/jornaldaregiao.com\/ajustes\/wp-json\/wp\/v2\/posts"}],"about":[{"href":"https:\/\/jornaldaregiao.com\/ajustes\/wp-json\/wp\/v2\/types\/post"}],"author":[{"embeddable":true,"href":"https:\/\/jornaldaregiao.com\/ajustes\/wp-json\/wp\/v2\/users\/5"}],"replies":[{"embeddable":true,"href":"https:\/\/jornaldaregiao.com\/ajustes\/wp-json\/wp\/v2\/comments?post=3755"}],"version-history":[{"count":0,"href":"https:\/\/jornaldaregiao.com\/ajustes\/wp-json\/wp\/v2\/posts\/3755\/revisions"}],"wp:attachment":[{"href":"https:\/\/jornaldaregiao.com\/ajustes\/wp-json\/wp\/v2\/media?parent=3755"}],"wp:term":[{"taxonomy":"category","embeddable":true,"href":"https:\/\/jornaldaregiao.com\/ajustes\/wp-json\/wp\/v2\/categories?post=3755"},{"taxonomy":"post_tag","embeddable":true,"href":"https:\/\/jornaldaregiao.com\/ajustes\/wp-json\/wp\/v2\/tags?post=3755"}],"curies":[{"name":"wp","href":"https:\/\/api.w.org\/{rel}","templated":true}]}}