{"id":3758,"date":"2013-12-13T16:28:47","date_gmt":"2013-12-13T18:28:47","guid":{"rendered":"http:\/\/playartedesign.com\/jornaldaregiao\/2013\/12\/13\/saude-recebera-reforco-de-r-15-milhao-ainda-este-ano-para-obras-equipamentos-e-veiculos\/"},"modified":"2013-12-13T16:28:47","modified_gmt":"2013-12-13T18:28:47","slug":"saude-recebera-reforco-de-r-15-milhao-ainda-este-ano-para-obras-equipamentos-e-veiculos","status":"publish","type":"post","link":"https:\/\/jornaldaregiao.com\/ajustes\/saude-recebera-reforco-de-r-15-milhao-ainda-este-ano-para-obras-equipamentos-e-veiculos\/","title":{"rendered":"Sa\u00fade receber\u00e1 refor\u00e7o de R$ 1,5 milh\u00e3o ainda  este ano para obras, equipamentos e ve\u00edculos"},"content":{"rendered":"<p style=\"text-align: justify;\">Nova Friburgo ser\u00e1 contemplado, ainda em 2013, com um recurso extra de R$ 1,5 milh\u00e3o destinado, exclusivamente, \u00e0 rede municipal de sa\u00fade. O termo de libera\u00e7\u00e3o imediata da verba foi assinado no Pal\u00e1cio Guanabara, no dia 2 de novembro, pelo vice-governador Luiz Fernando Pez\u00e3o (PMDB) e o prefeito de Nova Friburgo, Rog\u00e9rio Cabral (PSD).<\/p>\n<p style=\"text-align: justify;\">O recurso \u00e9 fruto de tr\u00eas emendas parlamentares dos deputados estaduais Bebeto (Solidariedade), Myrian Rios (PSD) e Samuel Malafaia (PSD), inclu\u00eddas, pelo Governo do Estado, no or\u00e7amento deste ano.<\/p>\n<p style=\"text-align: justify;\">Segundo o prefeito, Rog\u00e9rio Cabral (PSD), as tr\u00eas emendas (de R$ 500 mil cada) s\u00e3o destinadas para a aquisi\u00e7\u00e3o de ve\u00edculos para atender postos e unidades b\u00e1sicas de sa\u00fade; equipamentos diversos para a rede p\u00fablica de sa\u00fade e obras de infraestrutura em unidades.<\/p>\n","protected":false},"excerpt":{"rendered":"<p>Nova Friburgo ser\u00e1 contemplado, ainda em 2013, com um recurso extra de R$ 1,5 milh\u00e3o destinado, exclusivamente, \u00e0 rede municipal de sa\u00fade. O termo de libera\u00e7\u00e3o imediata da verba foi assinado no Pal\u00e1cio Guanabara, no dia 2 de novembro, pelo vice-governador Luiz Fernando Pez\u00e3o (PMDB) e o prefeito de Nova Friburgo, Rog\u00e9rio Cabral (PSD). O [&hellip;]<\/p>\n","protected":false},"author":5,"featured_media":0,"comment_status":"open","ping_status":"open","sticky":false,"template":"","format":"standard","meta":{"footnotes":""},"categories":[4],"tags":[],"class_list":["post-3758","post","type-post","status-publish","format-standard","hentry","category-politica"],"_links":{"self":[{"href":"https:\/\/jornaldaregiao.com\/ajustes\/wp-json\/wp\/v2\/posts\/3758","targetHints":{"allow":["GET"]}}],"collection":[{"href":"https:\/\/jornaldaregiao.com\/ajustes\/wp-json\/wp\/v2\/posts"}],"about":[{"href":"https:\/\/jornaldaregiao.com\/ajustes\/wp-json\/wp\/v2\/types\/post"}],"author":[{"embeddable":true,"href":"https:\/\/jornaldaregiao.com\/ajustes\/wp-json\/wp\/v2\/users\/5"}],"replies":[{"embeddable":true,"href":"https:\/\/jornaldaregiao.com\/ajustes\/wp-json\/wp\/v2\/comments?post=3758"}],"version-history":[{"count":0,"href":"https:\/\/jornaldaregiao.com\/ajustes\/wp-json\/wp\/v2\/posts\/3758\/revisions"}],"wp:attachment":[{"href":"https:\/\/jornaldaregiao.com\/ajustes\/wp-json\/wp\/v2\/media?parent=3758"}],"wp:term":[{"taxonomy":"category","embeddable":true,"href":"https:\/\/jornaldaregiao.com\/ajustes\/wp-json\/wp\/v2\/categories?post=3758"},{"taxonomy":"post_tag","embeddable":true,"href":"https:\/\/jornaldaregiao.com\/ajustes\/wp-json\/wp\/v2\/tags?post=3758"}],"curies":[{"name":"wp","href":"https:\/\/api.w.org\/{rel}","templated":true}]}}