{"id":3769,"date":"2013-12-13T16:37:31","date_gmt":"2013-12-13T18:37:31","guid":{"rendered":"http:\/\/playartedesign.com\/jornaldaregiao\/2013\/12\/13\/somos-o-governo-do-povo\/"},"modified":"2013-12-13T16:37:31","modified_gmt":"2013-12-13T18:37:31","slug":"somos-o-governo-do-povo","status":"publish","type":"post","link":"https:\/\/jornaldaregiao.com\/ajustes\/somos-o-governo-do-povo\/","title":{"rendered":"\u2018Somos o governo do povo\u2019"},"content":{"rendered":"<h3>Prefeito Salom\u00e3o Lemos fala sobre algumas das principais a\u00e7\u00f5es do seu mandato \u00e0 frente da Prefeitura<\/h3>\n<p style=\"text-align: justify;\">O prefeito de Cordeiro, Salom\u00e3o Lemos (PR), em recente entrevista, apresentou um resumo das suas principais a\u00e7\u00f5es no primeiro ano de mandato. Inicialmente, disse n\u00e3o estar preocupado em realizar inaugura\u00e7\u00f5es festivas de obras que apare\u00e7am no Centro, pois sua meta \u00e9 trabalhar por todos os bairros e em todos os setores. Prova disso, na sua opini\u00e3o, s\u00e3o os investimentos muito acima do previsto por lei nas \u00e1reas de educa\u00e7\u00e3o e sa\u00fade. \u201c\u00c9 como diz o nosso slogan: Governo do Povo, Progresso para Todos\u201d, disse.<\/p>\n<p style=\"text-align: justify;\"><img decoding=\"async\" src=\"images\/stories\/noticias2013\/dezembro\/1253_pgina 10 - salomo cumprimenta.jpg\" mce_src=\"images\/stories\/noticias2013\/dezembro\/1253_pgina 10 - salomo cumprimenta.jpg\" alt=\"\" title=\"Salom\u00e3o (D) diz que gest\u00e3o \u00e9 voltada a \u00e1reas que nem sempre ganham destaque - Foto: ASCOM\/PREFEITURA DE CORDEIRO\" class=\"caption\"><\/p>\n<p style=\"text-align: justify;\">Come\u00e7ou citando a recente cria\u00e7\u00e3o do Centro Administrativo Municipal, ap\u00f3s a reforma da antiga Delegacia de Pol\u00edcia Civil, em pr\u00e9dio cedido pelo Estado, que vai abrigar sete secretarias e outros setores da administra\u00e7\u00e3o. Um deles ser\u00e1 o Balc\u00e3o de Empregos, criado este ano, que j\u00e1 gerou 150 empregos com carteira assinada. \u201cEm se tratando de cursos profissionalizantes, 200 pessoas j\u00e1 foram atendidas, inauguramos o Centro Vocacional Tecnol\u00f3gico e j\u00e1 est\u00e3o programados cursos para atender a mais 500 pessoas, iniciando em 2014\u201d, anunciou.<\/p>\n<p style=\"text-align: justify;\">Na \u00e1rea da sa\u00fade, deu \u00eanfase \u00e0 duplica\u00e7\u00e3o do Hospital Ant\u00f4nio Castro, em andamento, incluindo a cria\u00e7\u00e3o de um centro de imagem, reforma da lavanderia, das enfermarias e de outros setores da casa de sa\u00fade, que teve seus repasses financeiros aumentados de R$ 138 mil para R$ 210 mil, al\u00e9m de receber uma subven\u00e7\u00e3o extra de R$ 400 mil. Salom\u00e3o Lemos citou, ainda, as a\u00e7\u00f5es de combate \u00e0 dengue, que deixaram Cordeiro fora do estado de epidemia, ao contr\u00e1rio da maioria dos munic\u00edpios da regi\u00e3o, e o in\u00edcio da constru\u00e7\u00e3o da unidade da Estrat\u00e9gia de Sa\u00fade da Fam\u00edlia (ESF) do bairro Rodolfo Gon\u00e7alves.<\/p>\n<p style=\"text-align: justify;\">No bairro Manancial, considerado o mais carente do munic\u00edpio, foi feita a reforma total de 40 casas populares que se encontravam abandonadas h\u00e1 mais de uma d\u00e9cada, constru\u00e7\u00e3o de fossa s\u00e9ptica, com investimento de R$ 58 mil, viabiliza\u00e7\u00e3o de \u00e1gua tratada da Cedae e de energia el\u00e9trica para as resid\u00eancias ainda n\u00e3o atendidas. L\u00e1, tamb\u00e9m foi reativado e revitalizado o canil municipal e foram feitos reflorestamentos com mudas nativas e hortas comunit\u00e1rias.<\/p>\n<p style=\"text-align: justify;\">No campo educacional, destaque para a distribui\u00e7\u00e3o de kits escolares personalizados com todo o material necess\u00e1rio para o ano letivo, bem como de uniforme completo a todos os alunos da rede municipal de ensino; reformas nas unidades escolares; melhorias na biblioteca p\u00fablica; cria\u00e7\u00e3o de duas fanfarras com incentivo ao aprendizado musical; aumento da qualidade da merenda escolar; conv\u00eanios com universidades para proporcionar descontos de at\u00e9 50% a servidores municipais e os v\u00e1rios programas de incentivo \u00e0 leitura.&nbsp;<\/p>\n<p style=\"text-align: justify;\">Salom\u00e3o Lemos citou, ainda, o mutir\u00e3o que retirou mais de 200 caminh\u00f5es de entulho da cidade; a limpeza do Rio Macuco; a reforma e aquisi\u00e7\u00e3o de ve\u00edculos para o Executivo; a cria\u00e7\u00e3o da cooperativa de catadores para posterior ativa\u00e7\u00e3o da usina de lixo; a distribui\u00e7\u00e3o do kit natalidade \u00e0s gestantes; a realiza\u00e7\u00e3o do carnaval, da Expo Cordeiro, do Dia do Trabalhador e de outros eventos; a parceria com a Aciacor para fomentar o com\u00e9rcio local e a retomada do esporte, com atividade para todas as idades, e realiza\u00e7\u00e3o das copas de futsal e futebol.<\/p>\n<p style=\"text-align: justify;\">As v\u00e1rias a\u00e7\u00f5es em favor do homem do campo, com m\u00e1quinas trabalhando diariamente para atender os produtores e melhorar as estradas vicinais tamb\u00e9m foram citadas por Salom\u00e3o Lemos, bem como a efetiva atua\u00e7\u00e3o das secretarias de Defesa Civil, Tr\u00e2nsito e Meio Ambiente, com desenvolvimento de projetos inovadores; a melhoria da ilumina\u00e7\u00e3o p\u00fablica dos bairros; a implanta\u00e7\u00e3o e realiza\u00e7\u00e3o do Plano Municipal de Cultura; e a cria\u00e7\u00e3o do setor de Contratos e Conv\u00eanios, respons\u00e1vel pelos projetos visando a busca de recursos estaduais e federais.<\/p>\n<p style=\"text-align: justify;\">Com rela\u00e7\u00e3o ao que est\u00e1 por vir, o prefeito destacou a implanta\u00e7\u00e3o de tr\u00eas academias da sa\u00fade, uma delas j\u00e1 instalada no bairro BNH, intermediada pelo vereador Francinha; a constru\u00e7\u00e3o do complexo cinematogr\u00e1fico ao lado da C\u00e2mara e de uma creche no bairro Rodolfo Gon\u00e7alves. \u201cNa primeira quinzena de dezembro, vamos licitar da folha de pagamento da Prefeitura e reverter os recursos para pavimenta\u00e7\u00f5es nos bairros Dois Vales, Senna Campos, Manancial, Lavrinhas, Rodolfo Gon\u00e7alves e Alto do Retiro\u201d, disse.<\/p>\n","protected":false},"excerpt":{"rendered":"<p>Prefeito Salom\u00e3o Lemos fala sobre algumas das principais a\u00e7\u00f5es do seu mandato \u00e0 frente da Prefeitura O prefeito de Cordeiro, Salom\u00e3o Lemos (PR), em recente entrevista, apresentou um resumo das suas principais a\u00e7\u00f5es no primeiro ano de mandato. Inicialmente, disse n\u00e3o estar preocupado em realizar inaugura\u00e7\u00f5es festivas de obras que apare\u00e7am no Centro, pois sua [&hellip;]<\/p>\n","protected":false},"author":5,"featured_media":0,"comment_status":"open","ping_status":"open","sticky":false,"template":"","format":"standard","meta":{"footnotes":""},"categories":[4],"tags":[],"class_list":["post-3769","post","type-post","status-publish","format-standard","hentry","category-politica"],"_links":{"self":[{"href":"https:\/\/jornaldaregiao.com\/ajustes\/wp-json\/wp\/v2\/posts\/3769","targetHints":{"allow":["GET"]}}],"collection":[{"href":"https:\/\/jornaldaregiao.com\/ajustes\/wp-json\/wp\/v2\/posts"}],"about":[{"href":"https:\/\/jornaldaregiao.com\/ajustes\/wp-json\/wp\/v2\/types\/post"}],"author":[{"embeddable":true,"href":"https:\/\/jornaldaregiao.com\/ajustes\/wp-json\/wp\/v2\/users\/5"}],"replies":[{"embeddable":true,"href":"https:\/\/jornaldaregiao.com\/ajustes\/wp-json\/wp\/v2\/comments?post=3769"}],"version-history":[{"count":0,"href":"https:\/\/jornaldaregiao.com\/ajustes\/wp-json\/wp\/v2\/posts\/3769\/revisions"}],"wp:attachment":[{"href":"https:\/\/jornaldaregiao.com\/ajustes\/wp-json\/wp\/v2\/media?parent=3769"}],"wp:term":[{"taxonomy":"category","embeddable":true,"href":"https:\/\/jornaldaregiao.com\/ajustes\/wp-json\/wp\/v2\/categories?post=3769"},{"taxonomy":"post_tag","embeddable":true,"href":"https:\/\/jornaldaregiao.com\/ajustes\/wp-json\/wp\/v2\/tags?post=3769"}],"curies":[{"name":"wp","href":"https:\/\/api.w.org\/{rel}","templated":true}]}}