{"id":3771,"date":"2013-12-13T16:39:16","date_gmt":"2013-12-13T18:39:16","guid":{"rendered":"http:\/\/playartedesign.com\/jornaldaregiao\/2013\/12\/13\/salomao-em-brasilia-pede-emendas-para-realizar-obras-em-cordeiro\/"},"modified":"2013-12-13T16:39:16","modified_gmt":"2013-12-13T18:39:16","slug":"salomao-em-brasilia-pede-emendas-para-realizar-obras-em-cordeiro","status":"publish","type":"post","link":"https:\/\/jornaldaregiao.com\/ajustes\/salomao-em-brasilia-pede-emendas-para-realizar-obras-em-cordeiro\/","title":{"rendered":"Salom\u00e3o, em Bras\u00edlia, pede emendas para realizar obras em Cordeiro"},"content":{"rendered":"<h3>Prefeito visitou gabinetes dos deputados Atnhony Garotinho, Glauber Braga e Paulo Feij\u00f3<\/h3>\n<p style=\"text-align: justify;\">O prefeito de Cordeiro, Salom\u00e3o Lemos (PR), quer reverter em recursos para o munic\u00edpio a viagem que fez a Bras\u00edlia na \u00faltima semana de novembro.<\/p>\n<p style=\"text-align: justify;\">Nas visitas que fez a v\u00e1rios gabinetes de deputado federais, Salom\u00e3o pediu emendas parlamentares para obras em Cordeiro. Com o deputado federal Glauber Braga, ele agradeceu emendas j\u00e1 consolidadas para o munic\u00edpio, que proporcionaram obras no Hospital Antonio Castro e a cria\u00e7\u00e3o do Centro Vocacional Tecnol\u00f3gico (CVT), que j\u00e1 ministram cursos na \u00e1rea metal mec\u00e2nica na cidade.<\/p>\n<p style=\"text-align: justify;\"><img decoding=\"async\" src=\"images\/stories\/noticias2013\/dezembro\/1253_pgina 5 - glauber e salomo.jpg\" mce_src=\"images\/stories\/noticias2013\/dezembro\/1253_pgina 5 - glauber e salomo.jpg\" alt=\"\" title=\"Com o deputado Glauber Braga, Salom\u00e3o Lemos agradeceu as emendas - Foto: FACEBOOK\/CIRO FERNANDES\" class=\"caption\"><\/p>\n<p style=\"text-align: justify;\">J\u00e1 com o deputado federal Anthony Garotinho, que ali\u00e1s presidi o Partido da Rep\u00fablica, que Salom\u00e3o Lemos \u00e9 filiado, v\u00e1rias emendas foram cogitadas para Cordeiro.<\/p>\n<p style=\"text-align: justify;\">O prefeito de Cordeiro tamb\u00e9m esteve no gabinete do deputado federal Paulo Feij\u00f3 (PR), que tamb\u00e9m \u00e9 do mesmo partido do prefeito, e garantiu que ir\u00e1 colocar emendas em benef\u00edcio da cidade.<\/p>\n<p style=\"text-align: justify;\">As emendas parlamentares para o Or\u00e7amento da Uni\u00e3o em 2014, agora dever\u00e3o ser cumpridas &nbsp;pelo Executivo. As propostas dever\u00e3o ser para as \u00e1reas de sa\u00fade, educa\u00e7\u00e3o e saneamento b\u00e1sico.<\/p>\n<p style=\"text-align: justify;\">O vereador cantagalense Ciro Fernandes esteve acompanhado o prefeito de Cordeiro na viagem. \u201cFoi muito importante. Pude acompanhar Salom\u00e3o Lemos, que \u00e9 meu amigo particular, e ver sua luta para conseguir mais recursos para sua cidade. Os deputados atenderam a gente com muito carinho\u201d, afirmou Ciro Fernandes.<\/p>\n","protected":false},"excerpt":{"rendered":"<p>Prefeito visitou gabinetes dos deputados Atnhony Garotinho, Glauber Braga e Paulo Feij\u00f3 O prefeito de Cordeiro, Salom\u00e3o Lemos (PR), quer reverter em recursos para o munic\u00edpio a viagem que fez a Bras\u00edlia na \u00faltima semana de novembro. Nas visitas que fez a v\u00e1rios gabinetes de deputado federais, Salom\u00e3o pediu emendas parlamentares para obras em Cordeiro. [&hellip;]<\/p>\n","protected":false},"author":5,"featured_media":0,"comment_status":"open","ping_status":"open","sticky":false,"template":"","format":"standard","meta":{"footnotes":""},"categories":[4],"tags":[],"class_list":["post-3771","post","type-post","status-publish","format-standard","hentry","category-politica"],"_links":{"self":[{"href":"https:\/\/jornaldaregiao.com\/ajustes\/wp-json\/wp\/v2\/posts\/3771","targetHints":{"allow":["GET"]}}],"collection":[{"href":"https:\/\/jornaldaregiao.com\/ajustes\/wp-json\/wp\/v2\/posts"}],"about":[{"href":"https:\/\/jornaldaregiao.com\/ajustes\/wp-json\/wp\/v2\/types\/post"}],"author":[{"embeddable":true,"href":"https:\/\/jornaldaregiao.com\/ajustes\/wp-json\/wp\/v2\/users\/5"}],"replies":[{"embeddable":true,"href":"https:\/\/jornaldaregiao.com\/ajustes\/wp-json\/wp\/v2\/comments?post=3771"}],"version-history":[{"count":0,"href":"https:\/\/jornaldaregiao.com\/ajustes\/wp-json\/wp\/v2\/posts\/3771\/revisions"}],"wp:attachment":[{"href":"https:\/\/jornaldaregiao.com\/ajustes\/wp-json\/wp\/v2\/media?parent=3771"}],"wp:term":[{"taxonomy":"category","embeddable":true,"href":"https:\/\/jornaldaregiao.com\/ajustes\/wp-json\/wp\/v2\/categories?post=3771"},{"taxonomy":"post_tag","embeddable":true,"href":"https:\/\/jornaldaregiao.com\/ajustes\/wp-json\/wp\/v2\/tags?post=3771"}],"curies":[{"name":"wp","href":"https:\/\/api.w.org\/{rel}","templated":true}]}}