{"id":3772,"date":"2013-12-13T16:41:01","date_gmt":"2013-12-13T18:41:01","guid":{"rendered":"http:\/\/playartedesign.com\/jornaldaregiao\/2013\/12\/13\/rogerio-cabral-vai-acabar-com-13-secretarias-em-friburgo\/"},"modified":"2013-12-13T16:41:01","modified_gmt":"2013-12-13T18:41:01","slug":"rogerio-cabral-vai-acabar-com-13-secretarias-em-friburgo","status":"publish","type":"post","link":"https:\/\/jornaldaregiao.com\/ajustes\/rogerio-cabral-vai-acabar-com-13-secretarias-em-friburgo\/","title":{"rendered":"Rog\u00e9rio Cabral vai acabar com  13 secretarias em Friburgo"},"content":{"rendered":"<h3>Reforma administrativa, se aprovada pela C\u00e2mara, j\u00e1 valer\u00e1 em janeiro de 2014<\/h3>\n<p style=\"text-align: justify;\">A Prefeitura de Cantagalo protocolou no Legislativo, no \u00faltimo dia 4 de dezembro, o anteprojeto de Reforma Administrativa da Prefeitura. A proposta completa prev\u00ea a extin\u00e7\u00e3o de 13 secretarias, v\u00e1rias fus\u00f5es e, ainda, a cria\u00e7\u00e3o de quatro subprefeituras e tamb\u00e9m o novo organograma do quadro de servidores municipais. Caso a mat\u00e9ria seja aprovada na C\u00e2mara, ir\u00e1 entrar em vigor a partir de 1\u00ba de janeiro. O projeto de reforma administrativa dever\u00e1 ser votado antes do Plano Plurianual (2014\/2017) e a Lei Or\u00e7ament\u00e1ria Anual (LOA) de Nova Friburgo para o ano que vem.<\/p>\n<p style=\"text-align: justify;\"><img decoding=\"async\" src=\"images\/stories\/noticias2013\/dezembro\/1253_pgina 6 - parceria em friburgo.jpg\" mce_src=\"images\/stories\/noticias2013\/dezembro\/1253_pgina 6 - parceria em friburgo.jpg\" alt=\"\" title=\"Rog\u00e9rio Cabral disse que tamb\u00e9m pretende fazer a recupera\u00e7\u00e3o gradativa dos sal\u00e1rios do funcionalismo municipal - Foto: DANIEL MARCUS\" class=\"caption\"><\/p>\n<p style=\"text-align: justify;\">\u2013 O projeto tem como pilares a austeridade, valoriza\u00e7\u00e3o dos servidores e efici\u00eancia administrativa para que a Prefeitura ofere\u00e7a melhores servi\u00e7os \u00e0 popula\u00e7\u00e3o \u2013 disse o prefeito Rog\u00e9rio Cabral (PSD) ao apresentar a proposta aos vereadores e secret\u00e1rios municipais durante reuni\u00e3o no dia 3, no Sal\u00e3o Azul da Prefeitura.<\/p>\n<p style=\"text-align: justify;\">Entre as propostas, est\u00e1 a cria\u00e7\u00e3o de quatro subprefeituras \u2013 Olaria, Conselheiro Paulino, Lumiar e Campo do Coelho. O governo tamb\u00e9m ir\u00e1 extinguir 13 secretarias, fazer a fus\u00e3o de outras e tamb\u00e9m criar\u00e1 duas novas pastas (Casa Civil e Pol\u00edticas de Combate \u00e0s Drogas). A reestrutura\u00e7\u00e3o administrativa prev\u00ea, ainda, a implanta\u00e7\u00e3o de diversas subsecretarias. No projeto original entregue ao Legislativo o prefeito transforma a Funda\u00e7\u00e3o Municipal de Sa\u00fade em Secretaria Municipal de Sa\u00fade. A Autarquia Municipal de Tr\u00e2nsito (Autran) e a Secretaria de Ordem Urbana ser\u00e3o fundidas, passando a se chamar Secretaria de Ordem e Mobilidade Urbana, entre outras mudan\u00e7as.<\/p>\n<p style=\"text-align: justify;\">Pela primeira vez, a Prefeitura de Nova Friburgo far\u00e1 uma reorganiza\u00e7\u00e3o completa do organograma de servidores. Cada uma das secretarias ou subsecretarias municipais ter\u00e1 um quadro de funcion\u00e1rios hierarquizado com atribui\u00e7\u00f5es definidas. A proposta prev\u00ea a equipara\u00e7\u00e3o salarial dos servidores que executam servi\u00e7os semelhantes.<\/p>\n<p style=\"text-align: justify;\">O prefeito Rog\u00e9rio Cabral anunciou, na reuni\u00e3o com os vereadores e secret\u00e1rios municipais, que ir\u00e1 conceder um reajuste salarial de 10% aos servidores concursados a partir de 1\u00ba de janeiro. O benef\u00edcio tamb\u00e9m ser\u00e1 concedido para aposentados e pensionistas. O \u00edndice \u00e9 superior \u00e0 infla\u00e7\u00e3o de 2013 (5,6%).<\/p>\n<p style=\"text-align: justify;\">\u2013 O nosso compromisso \u00e9 fazer uma recupera\u00e7\u00e3o gradativa dos sal\u00e1rios, de acordo com as possibilidades financeiras da Prefeitura. Neste primeiro ano de governo, vamos oferecer 10%, que corresponde \u00e0 corre\u00e7\u00e3o da infla\u00e7\u00e3o de 5,6% e mais 4,4% de ganho real \u2013 explicou Cabral.<\/p>\n","protected":false},"excerpt":{"rendered":"<p>Reforma administrativa, se aprovada pela C\u00e2mara, j\u00e1 valer\u00e1 em janeiro de 2014 A Prefeitura de Cantagalo protocolou no Legislativo, no \u00faltimo dia 4 de dezembro, o anteprojeto de Reforma Administrativa da Prefeitura. A proposta completa prev\u00ea a extin\u00e7\u00e3o de 13 secretarias, v\u00e1rias fus\u00f5es e, ainda, a cria\u00e7\u00e3o de quatro subprefeituras e tamb\u00e9m o novo organograma [&hellip;]<\/p>\n","protected":false},"author":5,"featured_media":0,"comment_status":"open","ping_status":"open","sticky":false,"template":"","format":"standard","meta":{"footnotes":""},"categories":[4],"tags":[],"class_list":["post-3772","post","type-post","status-publish","format-standard","hentry","category-politica"],"_links":{"self":[{"href":"https:\/\/jornaldaregiao.com\/ajustes\/wp-json\/wp\/v2\/posts\/3772","targetHints":{"allow":["GET"]}}],"collection":[{"href":"https:\/\/jornaldaregiao.com\/ajustes\/wp-json\/wp\/v2\/posts"}],"about":[{"href":"https:\/\/jornaldaregiao.com\/ajustes\/wp-json\/wp\/v2\/types\/post"}],"author":[{"embeddable":true,"href":"https:\/\/jornaldaregiao.com\/ajustes\/wp-json\/wp\/v2\/users\/5"}],"replies":[{"embeddable":true,"href":"https:\/\/jornaldaregiao.com\/ajustes\/wp-json\/wp\/v2\/comments?post=3772"}],"version-history":[{"count":0,"href":"https:\/\/jornaldaregiao.com\/ajustes\/wp-json\/wp\/v2\/posts\/3772\/revisions"}],"wp:attachment":[{"href":"https:\/\/jornaldaregiao.com\/ajustes\/wp-json\/wp\/v2\/media?parent=3772"}],"wp:term":[{"taxonomy":"category","embeddable":true,"href":"https:\/\/jornaldaregiao.com\/ajustes\/wp-json\/wp\/v2\/categories?post=3772"},{"taxonomy":"post_tag","embeddable":true,"href":"https:\/\/jornaldaregiao.com\/ajustes\/wp-json\/wp\/v2\/tags?post=3772"}],"curies":[{"name":"wp","href":"https:\/\/api.w.org\/{rel}","templated":true}]}}