{"id":3773,"date":"2013-12-13T16:42:26","date_gmt":"2013-12-13T18:42:26","guid":{"rendered":"http:\/\/playartedesign.com\/jornaldaregiao\/2013\/12\/13\/sessao-solene-da-camara-de-cantagalo-entrega-titulos-de-cidadania\/"},"modified":"2013-12-13T16:42:26","modified_gmt":"2013-12-13T18:42:26","slug":"sessao-solene-da-camara-de-cantagalo-entrega-titulos-de-cidadania","status":"publish","type":"post","link":"https:\/\/jornaldaregiao.com\/ajustes\/sessao-solene-da-camara-de-cantagalo-entrega-titulos-de-cidadania\/","title":{"rendered":"Sess\u00e3o solene da C\u00e2mara de  Cantagalo entrega t\u00edtulos de cidadania"},"content":{"rendered":"<h3>Prefeito Saulo Gouvea, que nasceu em Palma (MG), tamb\u00e9m est\u00e1 entre os contemplados<\/h3>\n<p style=\"text-align: justify;\">Na noite de sexta-feira passada, 6 de dezembro, a C\u00e2mara Municipal de Cantagalo realizou sess\u00e3o solene, no Aldeia Hotel Fazenda, para a entrega de t\u00edtulos de cidadania, a maior honraria concedida pelo Poder Legislativo. Cada vereador pode indicar dois contemplados. No total, foram 22 os agraciados no evento.<\/p>\n<p style=\"text-align: justify;\"><img decoding=\"async\" src=\"images\/stories\/noticias2013\/dezembro\/1253_pgina 7 - renata e.jpg\" mce_src=\"images\/stories\/noticias2013\/dezembro\/1253_pgina 7 - renata e.jpg\" alt=\"\" title=\"Prefeito de Cantagalo, Saulo Gouvea foi contemplado por indica\u00e7\u00e3o da vereadora Renata Huguenin, presidente da C\u00e2mara Municipal - Foto: DIVULGA\u00c7\u00c3O\" class=\"caption\"><\/p>\n<p style=\"text-align: justify;\">O t\u00edtulo \u00e9 entregue a pessoas que n\u00e3o nasceram em Cantagalo, mas que, por alguma raz\u00e3o, desenvolveram ou desenvolvem algum tipo de a\u00e7\u00e3o de grande relev\u00e2ncia ou prestam importantes servi\u00e7os \u00e0 sociedade de modo geral.<\/p>\n<p style=\"text-align: justify;\">Entre os contemplados com o t\u00edtulo estava o prefeito Saulo Gouvea (PT), que, apesar de j\u00e1 ter prestado relevantes servi\u00e7os \u00e0 sociedade, tendo sido, inclusive, secret\u00e1rio municipal de Sa\u00fade (1997\/2000), n\u00e3o havia recebido a honraria maior da C\u00e2mara. O t\u00edtulo ao prefeito foi concedido por indica\u00e7\u00e3o da presidente do Poder Legislativo, vereadora Renata Huguenin (PSC).<\/p>\n<p style=\"text-align: justify;\">\u00c0 cerim\u00f4nia, al\u00e9m dos vereadores e do prefeito, que foi convidado a compor a mesa, tamb\u00e9m participaram o padre Jeferson Fernandes N\u00f3brega, da Par\u00f3quia do Sant\u00edssimo Sacramento de Cantagalo, secret\u00e1rios municipais, presidentes de partidos pol\u00edticos, pastores evang\u00e9licos, entre outros.<\/p>\n<p style=\"text-align: justify;\">De acordo com informa\u00e7\u00f5es da diretoria da C\u00e2mara Municipal, os t\u00edtulos de cidadania cantagalense geralmente s\u00e3o entregues no m\u00eas do anivers\u00e1rio da cidade. \u201cOcorre que, nos \u00faltimos cinco anos, n\u00e3o foi promovido nenhum evento espec\u00edfico para a entrega desses t\u00edtulos\u201d, comenta o diretor da C\u00e2mara, S\u00e9rgio Campanate.<\/p>\n<p style=\"text-align: justify;\">Na gest\u00e3o do vereador Ocimar Pulunga (PSD) na presid\u00eancia, no bi\u00eanio 2011\/2012, foi realizada uma cerim\u00f4nia de entrega de t\u00edtulos na pr\u00f3pria C\u00e2mara. Na \u00e9poca, somente tr\u00eas t\u00edtulos de autoria do ent\u00e3o vereador Heitor Purger haviam sido concedidos.<\/p>\n<p style=\"text-align: justify;\">A presidente do Poder Legislativo, vereadora Renata Huguenin, informou que \u00e9 inten\u00e7\u00e3o da presid\u00eancia da C\u00e2mara Municipal fazer da entrega de t\u00edtulos um ato que contemple pessoas que realmente se destacaram no munic\u00edpio. \u201cFizemos a entrega deste ano fora da data do anivers\u00e1rio do munic\u00edpio, mas, em 2014, faremos a cerim\u00f4nia durante as comemora\u00e7\u00f5es do bicenten\u00e1rio do munic\u00edpio, que ser\u00e3o realizadas em mar\u00e7o\u201d, contou Renata Huguenin.<\/p>\n","protected":false},"excerpt":{"rendered":"<p>Prefeito Saulo Gouvea, que nasceu em Palma (MG), tamb\u00e9m est\u00e1 entre os contemplados Na noite de sexta-feira passada, 6 de dezembro, a C\u00e2mara Municipal de Cantagalo realizou sess\u00e3o solene, no Aldeia Hotel Fazenda, para a entrega de t\u00edtulos de cidadania, a maior honraria concedida pelo Poder Legislativo. Cada vereador pode indicar dois contemplados. No total, [&hellip;]<\/p>\n","protected":false},"author":5,"featured_media":0,"comment_status":"open","ping_status":"open","sticky":false,"template":"","format":"standard","meta":{"footnotes":""},"categories":[4],"tags":[],"class_list":["post-3773","post","type-post","status-publish","format-standard","hentry","category-politica"],"_links":{"self":[{"href":"https:\/\/jornaldaregiao.com\/ajustes\/wp-json\/wp\/v2\/posts\/3773","targetHints":{"allow":["GET"]}}],"collection":[{"href":"https:\/\/jornaldaregiao.com\/ajustes\/wp-json\/wp\/v2\/posts"}],"about":[{"href":"https:\/\/jornaldaregiao.com\/ajustes\/wp-json\/wp\/v2\/types\/post"}],"author":[{"embeddable":true,"href":"https:\/\/jornaldaregiao.com\/ajustes\/wp-json\/wp\/v2\/users\/5"}],"replies":[{"embeddable":true,"href":"https:\/\/jornaldaregiao.com\/ajustes\/wp-json\/wp\/v2\/comments?post=3773"}],"version-history":[{"count":0,"href":"https:\/\/jornaldaregiao.com\/ajustes\/wp-json\/wp\/v2\/posts\/3773\/revisions"}],"wp:attachment":[{"href":"https:\/\/jornaldaregiao.com\/ajustes\/wp-json\/wp\/v2\/media?parent=3773"}],"wp:term":[{"taxonomy":"category","embeddable":true,"href":"https:\/\/jornaldaregiao.com\/ajustes\/wp-json\/wp\/v2\/categories?post=3773"},{"taxonomy":"post_tag","embeddable":true,"href":"https:\/\/jornaldaregiao.com\/ajustes\/wp-json\/wp\/v2\/tags?post=3773"}],"curies":[{"name":"wp","href":"https:\/\/api.w.org\/{rel}","templated":true}]}}