{"id":3776,"date":"2013-12-13T16:48:10","date_gmt":"2013-12-13T18:48:10","guid":{"rendered":"http:\/\/playartedesign.com\/jornaldaregiao\/2013\/12\/13\/carmense-e-terceiro-colocado-em-circuito-campista-de-atletismo\/"},"modified":"2013-12-13T16:48:10","modified_gmt":"2013-12-13T18:48:10","slug":"carmense-e-terceiro-colocado-em-circuito-campista-de-atletismo","status":"publish","type":"post","link":"https:\/\/jornaldaregiao.com\/ajustes\/carmense-e-terceiro-colocado-em-circuito-campista-de-atletismo\/","title":{"rendered":"Carmense \u00e9 terceiro colocado em Circuito Campista de Atletismo"},"content":{"rendered":"<h3>Roberto Rimes fez cerca de 30 provas este ano<\/h3>\n<p style=\"text-align: justify;\" mce_style=\"text-align: justify;\">O atleta da Equipe Auge do Carmo, Roberto Rimes, conseguiu um resultado extraordin\u00e1rio no Campos Run (Circuito Campista de Atletismo) de 2013. O corredor ficou com o terceiro lugar geral e o primeiro na categoria 30 a 34 anos ao final das seis provas disputadas.<\/p>\n<p style=\"text-align: justify;\" mce_style=\"text-align: justify;\"><img decoding=\"async\" src=\"images\/stories\/noticias2013\/dezembro\/1253_pgina 8 - carmense.jpg\" mce_src=\"images\/stories\/noticias2013\/dezembro\/1253_pgina 8 - carmense.jpg\" alt=\"\" title=\"Roberto Rimes ainda pretende subir ao p\u00f3dio algumas vezes neste ano - Foto: Ascom Carmo\/Andr\u00e9 Salles\" class=\"caption\"><\/p>\n<p style=\"text-align: justify;\" mce_style=\"text-align: justify;\">No in\u00edcio do ano, Roberto Rimes tinha o objetivo de ficar entre os cinco primeiros, mas, com o desenrolar do circuito, acabou com um resultado mais expressivo do que o esperado. O primeiro lugar ficou com Jos\u00e9 Gutembergue, da Equipe P\u00e9 de Vento, seguido por Reginaldo dos Santos, de Nova Friburgo. \u201cO meu objetivo era terminar entre os cinco, mas aconteceu do ano ser bom e terminar em terceiro. Fiquei muito satisfeito porque \u00e9 um ranking interestadual e o n\u00edvel \u00e9 pesado. Ali\u00e1s, vale ressaltar que 2013, como um todo, foi muito competitivo. Fiz, aproximadamente, umas 30 provas no ano. Pra quem treina e trabalha, \u00e9 algo fora do normal\u201d, comentou Rimes.<\/p>\n<p style=\"text-align: justify;\" mce_style=\"text-align: justify;\">O atleta carmense foi s\u00e9timo colocado na primeira prova do Circuito Campista de Atletismo, depois acumulou um quarto, um quinto, um s\u00e9timo, outro quarto e mais um s\u00e9timo. Com estes resultados, Roberto Rimes atingiu o almejado sonho de estar entre os cinco primeiros no competitivo circuito campista.<\/p>\n<p style=\"text-align: justify;\" mce_style=\"text-align: justify;\">\u2013 A gente tem visto o pessoal da Auge de Carmo fazendo muito pela divulga\u00e7\u00e3o do atletismo no nosso munic\u00edpio e a divulga\u00e7\u00e3o de Carmo nos outros lugares. Ficamos muito satisfeitos e parabenizamos todos pelo trabalho. Nesse momento, gostaria de parabenizar especificamente o Roberto por ter levado o nome do munic\u00edpio t\u00e3o longe \u2013 lembrou o prefeito em exerc\u00edcio C\u00e9sar Ladeira (PT).<\/p>\n<p style=\"text-align: justify;\" mce_style=\"text-align: justify;\">Ap\u00f3s o \u00f3timo resultado do Campos Run, Roberto ainda fez uma grande dobradinha no \u00faltimo final de semana na mesma cidade. Correndo duas provas em menos de 12 horas, o competidor carmense obteve um segundo lugar na corrida noturna de cinco quil\u00f4metros e foi o campe\u00e3o da prova de seis quil\u00f4metros no dia seguinte.&nbsp;<\/p>\n<p style=\"text-align: justify;\" mce_style=\"text-align: justify;\">\u2013 Pretendo tentar subir ao p\u00f3dio em algumas provas ainda neste final de ano. O problema \u00e9 que vai batendo o cansa\u00e7o, mas vou tentar alguns trof\u00e9us para a cidade. A ideia \u00e9 usar essas provas de fim de ano e algumas de janeiro para fazer um per\u00edodo de transi\u00e7\u00e3o. Dar uma relaxada para voltar forte a partir de fevereiro \u2013 concluiu o terceiro colocado do Campos Run, que tem recebido apoio da Prefeitura de Carmo, atrav\u00e9s da Secretaria Municipal de Esporte e Lazer, da Equipe Auge de Carmo e do com\u00e9rcio local.<\/p>\n","protected":false},"excerpt":{"rendered":"<p>Roberto Rimes fez cerca de 30 provas este ano O atleta da Equipe Auge do Carmo, Roberto Rimes, conseguiu um resultado extraordin\u00e1rio no Campos Run (Circuito Campista de Atletismo) de 2013. O corredor ficou com o terceiro lugar geral e o primeiro na categoria 30 a 34 anos ao final das seis provas disputadas. No [&hellip;]<\/p>\n","protected":false},"author":5,"featured_media":0,"comment_status":"open","ping_status":"open","sticky":false,"template":"","format":"standard","meta":{"footnotes":""},"categories":[2],"tags":[],"class_list":["post-3776","post","type-post","status-publish","format-standard","hentry","category-esporte"],"_links":{"self":[{"href":"https:\/\/jornaldaregiao.com\/ajustes\/wp-json\/wp\/v2\/posts\/3776","targetHints":{"allow":["GET"]}}],"collection":[{"href":"https:\/\/jornaldaregiao.com\/ajustes\/wp-json\/wp\/v2\/posts"}],"about":[{"href":"https:\/\/jornaldaregiao.com\/ajustes\/wp-json\/wp\/v2\/types\/post"}],"author":[{"embeddable":true,"href":"https:\/\/jornaldaregiao.com\/ajustes\/wp-json\/wp\/v2\/users\/5"}],"replies":[{"embeddable":true,"href":"https:\/\/jornaldaregiao.com\/ajustes\/wp-json\/wp\/v2\/comments?post=3776"}],"version-history":[{"count":0,"href":"https:\/\/jornaldaregiao.com\/ajustes\/wp-json\/wp\/v2\/posts\/3776\/revisions"}],"wp:attachment":[{"href":"https:\/\/jornaldaregiao.com\/ajustes\/wp-json\/wp\/v2\/media?parent=3776"}],"wp:term":[{"taxonomy":"category","embeddable":true,"href":"https:\/\/jornaldaregiao.com\/ajustes\/wp-json\/wp\/v2\/categories?post=3776"},{"taxonomy":"post_tag","embeddable":true,"href":"https:\/\/jornaldaregiao.com\/ajustes\/wp-json\/wp\/v2\/tags?post=3776"}],"curies":[{"name":"wp","href":"https:\/\/api.w.org\/{rel}","templated":true}]}}