{"id":3954,"date":"2014-01-29T17:37:42","date_gmt":"2014-01-29T19:37:42","guid":{"rendered":"http:\/\/playartedesign.com\/jornaldaregiao\/2014\/01\/29\/dannyelzinho-e-bilico-tomam-posse\/"},"modified":"2014-01-29T17:37:42","modified_gmt":"2014-01-29T19:37:42","slug":"dannyelzinho-e-bilico-tomam-posse","status":"publish","type":"post","link":"https:\/\/jornaldaregiao.com\/ajustes\/dannyelzinho-e-bilico-tomam-posse\/","title":{"rendered":"Dannyelzinho e Bilico tomam posse"},"content":{"rendered":"<p style=\"text-align: justify;\"><span style=\"line-height: 1.3em;\">Em sess\u00e3o extraordin\u00e1ria ocorrida no dia 10 de janeiro, tomaram posse os vereadores Dannyel Tostes, mais conhecido como Dannyelzinho (PSDB), e Audelir Prestes Teixeira, o popular Bilico (PMDB). Os rec\u00e9m-empossados passam a fazer parte do Legislativo de Duas Barras ap\u00f3s o licenciamento dos vereadores Guilherme Soares de Oliveira, o popular Xim (PT), e Marcos Ant\u00f4nio Fernandes, o Bananeira (PMDB), que deixaram a C\u00e2mara Municipal para assumir cargos de secret\u00e1rios na Prefeitura. Atualmente, Xim responde pelo cargo de secret\u00e1rio de Cultura e Turismo, enquanto Bananeira assumiu a Secretaria de Esporte e Lazer.<\/span><\/p>\n<p style=\"text-align: justify;\">Em seus 25 anos de idade, possuindo ensino superior em m\u00fasica, Dannyelzinho assume, pela primeira vez, a verean\u00e7a, e se torna o mais novo integrante da C\u00e2mara, enquanto que Bilico passa a exercer o seu sexto mandato, sendo um dos mais experientes parlamentares \u00e0 frente do Legislativo de Duas Barras. Bilico j\u00e1 havia sido vereador em outra oportunidade.<\/p>\n<p style=\"text-align: justify;\"><\/p>\n<h3>Veto mantido I<\/h3>\n<p style=\"text-align: justify;\">O veto \u00e0 emenda de arrecada\u00e7\u00e3o do Imposto Predial e Territorial Urbano (IPTU), em Bom Jardim, foi mantido na C\u00e2mara. A proposta dos vereadores \u00e0 nova regra sobre a taxa era repassar o valor total da arrecada\u00e7\u00e3o para sa\u00fade e educa\u00e7\u00e3o. Segundo os vereadores que votaram pela manuten\u00e7\u00e3o do veto, a emenda \u00e9 inconstitucional. O Executivo j\u00e1 havia se pronunciado, afirmando que a emenda \u00e9 inconstitucional e, por isso, o prefeito Paulo Barros (PMDB) vetou.<\/p>\n<p style=\"text-align: justify;\"><\/p>\n<h3>Veto mantido II<\/h3>\n<p style=\"text-align: justify;\">Durante a sess\u00e3o extraordin\u00e1ria, que aconteceu na noite do dia 20 de janeiro, na C\u00e2mara Municipal de Bom Jardim, para tratar do veto do prefeito Paulo Barros (PMDB) \u00e0 emenda a nova lei que regulamenta o IPTU, apenas cinco dos seis vereadores que fizeram a proposta ao projeto de reajuste da cobran\u00e7a compareceram. Com isso, ficou mais f\u00e1cil para os vereadores de situa\u00e7\u00e3o que apoiaram a decis\u00e3o de veto do Poder Executivo bonjardinense manterem a decis\u00e3o.<\/p>\n<p style=\"text-align: justify;\"><\/p>\n<h3>De presidente para presidente<\/h3>\n<p style=\"text-align: justify;\">Robson Careca (PDT), presidente da C\u00e2mara Municipal de Cordeiro, recebeu autoridades estaduais no plen\u00e1rio, dia 27 deste m\u00eas, entre elas, o presidente da Assembleia Legislativa do Estado do Rio de Janeiro (Alerj), deputado Paulo Melo (PMDB), que, durante pronunciamento, lembrou a amizade antiga que manteve com o pai do vereador, o ex-vereador cordeirense tamb\u00e9m chamado Robson Careca. O deputado Andr\u00e9 Corr\u00eaa (PSD), Edson Albertassi (PMDB) e Luiz Martins (PDT) tamb\u00e9m fizeram parte da comitiva.<\/p>\n<p style=\"text-align: justify;\"><\/p>\n<h3>Visita ao Centro de Conviv\u00eancia do Idoso<\/h3>\n<p style=\"text-align: justify;\">Na manh\u00e3 do dia 24 de janeiro, o prefeito de Cantagalo, Saulo Gouvea (PT), visitou, acompanhado do deputado federal Glauber Braga (PSB), as obras de constru\u00e7\u00e3o do Centro de Conviv\u00eancia do Idoso (CCI), no bairro Parque das \u00c1rvores.<\/p>\n<p style=\"text-align: justify;\">Acompanharam o prefeito e o deputado os vereadores Homerinho da Sa\u00fade (PSB), l\u00edder do governo na C\u00e2mara Municipal, e Ti\u00e3o Carne Seca (PSB). Tamb\u00e9m fizeram parte do encontro os secret\u00e1rios de Obras e Servi\u00e7os P\u00fablicos, Jos\u00e9 Neife Lins; de Assist\u00eancia Social, Madalena Bard; de Educa\u00e7\u00e3o, Lucinha Farah Noronha; de Via\u00e7\u00e3o e Transportes, Alcemir Grimi\u00e3o; e de Meio Ambiente e Desenvolvimento Sustent\u00e1vel, Gustavo Neder Gomes Pinto.<\/p>\n<p style=\"text-align: justify;\"><\/p>\n<h3>Cederj<\/h3>\n<p style=\"text-align: justify;\">O vereador friburguense Marcelo Verly (PSDB) esteve presente, compondo a mesa, da aula inaugural do polo de Nova Friburgo do Cederj, no dia 25 de janeiro. Verly afirmou que sempre lutou pelo polo na cidade e informou que foi respons\u00e1vel por levar as instala\u00e7\u00f5es para o Ciep de Olaria.<\/p>\n<p style=\"text-align: justify;\"><\/p>\n<h3>Retorno com apoio<\/h3>\n<p style=\"text-align: justify;\">A vereadora e presidente da C\u00e2mara Municipal de Cantagalo, Renata Huguenin (PSC), ap\u00f3s alguns dias de descanso, retorna \u00e0s atividades parlamentares. No retorno, a parlamentar cantagalense confere, de perto, a assinatura, do munic\u00edpio com o Estado, do programa Somando For\u00e7as.<\/p>\n","protected":false},"excerpt":{"rendered":"<p>Em sess\u00e3o extraordin\u00e1ria ocorrida no dia 10 de janeiro, tomaram posse os vereadores Dannyel Tostes, mais conhecido como Dannyelzinho (PSDB), e Audelir Prestes Teixeira, o popular Bilico (PMDB). Os rec\u00e9m-empossados passam a fazer parte do Legislativo de Duas Barras ap\u00f3s o licenciamento dos vereadores Guilherme Soares de Oliveira, o popular Xim (PT), e Marcos Ant\u00f4nio [&hellip;]<\/p>\n","protected":false},"author":5,"featured_media":0,"comment_status":"open","ping_status":"open","sticky":false,"template":"","format":"standard","meta":{"footnotes":""},"categories":[14],"tags":[],"class_list":["post-3954","post","type-post","status-publish","format-standard","hentry","category-coluna-do-vereador"],"_links":{"self":[{"href":"https:\/\/jornaldaregiao.com\/ajustes\/wp-json\/wp\/v2\/posts\/3954","targetHints":{"allow":["GET"]}}],"collection":[{"href":"https:\/\/jornaldaregiao.com\/ajustes\/wp-json\/wp\/v2\/posts"}],"about":[{"href":"https:\/\/jornaldaregiao.com\/ajustes\/wp-json\/wp\/v2\/types\/post"}],"author":[{"embeddable":true,"href":"https:\/\/jornaldaregiao.com\/ajustes\/wp-json\/wp\/v2\/users\/5"}],"replies":[{"embeddable":true,"href":"https:\/\/jornaldaregiao.com\/ajustes\/wp-json\/wp\/v2\/comments?post=3954"}],"version-history":[{"count":0,"href":"https:\/\/jornaldaregiao.com\/ajustes\/wp-json\/wp\/v2\/posts\/3954\/revisions"}],"wp:attachment":[{"href":"https:\/\/jornaldaregiao.com\/ajustes\/wp-json\/wp\/v2\/media?parent=3954"}],"wp:term":[{"taxonomy":"category","embeddable":true,"href":"https:\/\/jornaldaregiao.com\/ajustes\/wp-json\/wp\/v2\/categories?post=3954"},{"taxonomy":"post_tag","embeddable":true,"href":"https:\/\/jornaldaregiao.com\/ajustes\/wp-json\/wp\/v2\/tags?post=3954"}],"curies":[{"name":"wp","href":"https:\/\/api.w.org\/{rel}","templated":true}]}}