{"id":3956,"date":"2014-01-29T17:40:48","date_gmt":"2014-01-29T19:40:48","guid":{"rendered":"http:\/\/playartedesign.com\/jornaldaregiao\/2014\/01\/29\/prefeitura-de-cantagalo-sela-acordo-para-compra-do-predio-do-shopping\/"},"modified":"2014-01-29T17:40:48","modified_gmt":"2014-01-29T19:40:48","slug":"prefeitura-de-cantagalo-sela-acordo-para-compra-do-predio-do-shopping","status":"publish","type":"post","link":"https:\/\/jornaldaregiao.com\/ajustes\/prefeitura-de-cantagalo-sela-acordo-para-compra-do-predio-do-shopping\/","title":{"rendered":"Prefeitura de Cantagalo sela acordo para compra do pr\u00e9dio do shopping"},"content":{"rendered":"<p style=\"text-align: justify;\">O pr\u00e9dio localizado no in\u00edcio da Rua Chapot Prevost, no n\u00famero 156, e que seria destinado \u00e0 instala\u00e7\u00e3o de um shopping, finalmente pertencer\u00e1 \u00e0 Prefeitura de Cantagalo. As negocia\u00e7\u00f5es para a compra foram conclu\u00eddas e o prefeito Saulo Gouvea (PT), como havia anunciado desde os primeiros meses do ano passado, conseguiu financiamento da AgeRio (Ag\u00eancia de Fomento do Estado do Rio de Janeiro) para a aquisi\u00e7\u00e3o do im\u00f3vel, que teve o projeto de implanta\u00e7\u00e3o de um shopping interrompido pelos s\u00f3cios, o que levou o pr\u00e9dio a ter as obras paralisadas h\u00e1 v\u00e1rios anos. \u201c\u00c9 um belo pr\u00e9dio que est\u00e1 se deteriorando bem no Centro da cidade. A solu\u00e7\u00e3o \u00e9 a Prefeitura adquirir para resolver um grande problema: criar um moderno centro administrativo e, ainda, proporcionar uma grande economia com alugu\u00e9is atualmente pagos em v\u00e1rios pontos da cidade\u201d, destacou o prefeito.<\/p>\n<p style=\"text-align: justify;\">A proposta de aquisi\u00e7\u00e3o do im\u00f3vel j\u00e1 tem aprova\u00e7\u00e3o da C\u00e2mara Municipal, que analisou e votou, em sess\u00e3o extraordin\u00e1ria, neste m\u00eas de janeiro, a mensagem enviada pelo prefeito. Ap\u00f3s v\u00e1rias discuss\u00f5es nas comiss\u00f5es e os devidos pareceres, a proposta da Prefeitura saiu vitoriosa por 7 a 3. Dos 11 vereadores \u2013 a presidente do Legislativo, Renata Huguenin (PSC), s\u00f3 vota em caso de empate \u2013, apenas os vereadores Ocimar Pulunga (PSD), Z\u00e9 da Uta (PSL) e Tadeu Leite (PSB) votaram contra a compra do pr\u00e9dio.<\/p>\n<p style=\"text-align: justify;\">Conforme a proposta de Saulo Gouvea, a Prefeitura vai contratar uma opera\u00e7\u00e3o de cr\u00e9dito com a AgeRio no valor de R$ 3 milh\u00f5es. Desse total, R$ 1,650 milh\u00e3o ser\u00e3o para a aquisi\u00e7\u00e3o do pr\u00e9dio e os restantes R$ 1,350 milh\u00e3o para aplica\u00e7\u00e3o no trabalho de conclus\u00e3o da obra. A AgeRio ainda dar\u00e1 \u00e0 Prefeitura de Cantagalo dois anos de car\u00eancia. A partir de ent\u00e3o, o pagamento ser\u00e1 efetuado em 114 meses (9,5 anos). Os juros ser\u00e3o de apenas 4% ao ano, tendo como \u00edndice de corre\u00e7\u00e3o a taxa Selic, o que, conforme os c\u00e1lculos feitos pela Prefeitura, dar\u00e1 uma presta\u00e7\u00e3o mensal em torno de R$ 30 mil, ap\u00f3s o per\u00edodo de car\u00eancia.<\/p>\n<p style=\"text-align: justify;\">Na opini\u00e3o do prefeito Saulo Gouvea, trata-se de um grande investimento e que dar\u00e1 retorno r\u00e1pido ao munic\u00edpio. \u201cCom pouco tempo, a Prefeitura recuperar\u00e1 o montante investido, tendo em vista o aluguel das lojas existentes no t\u00e9rreo do pr\u00e9dio e as economias que ser\u00e3o geradas com os alugu\u00e9is atualmente pagos, que chegam a R$ 497.748,64 anuais\u201d, explicou. Do total gasto com alugu\u00e9is, tendo como base os valores pagos em 2013, R$ 249.212,52 s\u00e3o da Prefeitura, R$ 178,169 mil do Fundo Municipal de Sa\u00fade (Secretaria Municipal de Sa\u00fade) e R$ 70.367,12 do Fundo Municipal de Assist\u00eancia Social (Secretaria Municipal de Assist\u00eancia Social). As informa\u00e7\u00f5es foram prestadas pela Secretaria de Fazenda.<\/p>\n<p style=\"text-align: justify;\">Assim que tudo estiver pronto, as secretarias municipais passar\u00e3o a funcionar num mesmo local. \u201cA gente vai preservar as secretarias que funcionam no Pr\u00e9dio Dr. Joaquim de Souza Carvalho J\u00fanior, sede da Prefeitura, como o Gabinete do Prefeito e as secretarias municipais de Fazenda, Administra\u00e7\u00e3o, Governo e Planejamento. Setores como o de contabilidade, de compras e a Controladoria Geral tamb\u00e9m dever\u00e3o permanecer aqui. J\u00e1 as demais secretarias funcionar\u00e3o no novo pr\u00e9dio, que ser\u00e1 um moderno centro administrativo, que vai evitar que as pessoas sejam obrigadas a se deslocar grandes dist\u00e2ncias para irem de uma secretaria a outra. Ser\u00e1 modernidade como conforto e celeridade na administra\u00e7\u00e3o p\u00fablica, que \u00e9 o que queremos\u201d, declarou Saulo Gouvea.<\/p>\n<p style=\"text-align: justify;\">Finalizando, o prefeito disse que n\u00e3o resta d\u00favida que, al\u00e9m da economia gerada durante a vig\u00eancia da opera\u00e7\u00e3o de cr\u00e9dito, atrav\u00e9s da cessa\u00e7\u00e3o dos alugu\u00e9is, que somariam cerca de R$ 1,5 milh\u00e3o no per\u00edodo, \u201ca Prefeitura ainda integralizar\u00e1 em seus dom\u00ednios a propriedade do im\u00f3vel, que trar\u00e1 importantes e significativos benef\u00edcios \u00e0 estrutura administrativa e organizacional do munic\u00edpio.\u201d<\/p>\n","protected":false},"excerpt":{"rendered":"<p>O pr\u00e9dio localizado no in\u00edcio da Rua Chapot Prevost, no n\u00famero 156, e que seria destinado \u00e0 instala\u00e7\u00e3o de um shopping, finalmente pertencer\u00e1 \u00e0 Prefeitura de Cantagalo. As negocia\u00e7\u00f5es para a compra foram conclu\u00eddas e o prefeito Saulo Gouvea (PT), como havia anunciado desde os primeiros meses do ano passado, conseguiu financiamento da AgeRio (Ag\u00eancia [&hellip;]<\/p>\n","protected":false},"author":5,"featured_media":0,"comment_status":"open","ping_status":"open","sticky":false,"template":"","format":"standard","meta":{"footnotes":""},"categories":[4],"tags":[],"class_list":["post-3956","post","type-post","status-publish","format-standard","hentry","category-politica"],"_links":{"self":[{"href":"https:\/\/jornaldaregiao.com\/ajustes\/wp-json\/wp\/v2\/posts\/3956","targetHints":{"allow":["GET"]}}],"collection":[{"href":"https:\/\/jornaldaregiao.com\/ajustes\/wp-json\/wp\/v2\/posts"}],"about":[{"href":"https:\/\/jornaldaregiao.com\/ajustes\/wp-json\/wp\/v2\/types\/post"}],"author":[{"embeddable":true,"href":"https:\/\/jornaldaregiao.com\/ajustes\/wp-json\/wp\/v2\/users\/5"}],"replies":[{"embeddable":true,"href":"https:\/\/jornaldaregiao.com\/ajustes\/wp-json\/wp\/v2\/comments?post=3956"}],"version-history":[{"count":0,"href":"https:\/\/jornaldaregiao.com\/ajustes\/wp-json\/wp\/v2\/posts\/3956\/revisions"}],"wp:attachment":[{"href":"https:\/\/jornaldaregiao.com\/ajustes\/wp-json\/wp\/v2\/media?parent=3956"}],"wp:term":[{"taxonomy":"category","embeddable":true,"href":"https:\/\/jornaldaregiao.com\/ajustes\/wp-json\/wp\/v2\/categories?post=3956"},{"taxonomy":"post_tag","embeddable":true,"href":"https:\/\/jornaldaregiao.com\/ajustes\/wp-json\/wp\/v2\/tags?post=3956"}],"curies":[{"name":"wp","href":"https:\/\/api.w.org\/{rel}","templated":true}]}}