{"id":3959,"date":"2014-01-29T17:42:35","date_gmt":"2014-01-29T19:42:35","guid":{"rendered":"http:\/\/playartedesign.com\/jornaldaregiao\/2014\/01\/29\/friburguense-nao-resiste-ao-vasco-da-gama-e-e-goleado-em-sao-januario\/"},"modified":"2014-01-29T17:42:35","modified_gmt":"2014-01-29T19:42:35","slug":"friburguense-nao-resiste-ao-vasco-da-gama-e-e-goleado-em-sao-januario","status":"publish","type":"post","link":"https:\/\/jornaldaregiao.com\/ajustes\/friburguense-nao-resiste-ao-vasco-da-gama-e-e-goleado-em-sao-januario\/","title":{"rendered":"Friburguense n\u00e3o resiste ao Vasco da Gama e \u00e9 goleado em S\u00e3o Janu\u00e1rio"},"content":{"rendered":"<p style=\"text-align: justify;\">O Friburguense n\u00e3o conseguiu repetir o bom futebol da \u00faltima rodada, e o Vasco da Gama aproveitou para converter as oportunidades em gol e vencer, por 6 a 0, na noite de domingo passado, dia 26 de janeiro, no Est\u00e1dio de S\u00e3o Janu\u00e1rio. Nesta quarta, dia 29, o Tricolor da Serra recebe o Flamengo, \u00e0s 17h, no Eduardo Guinle.<\/p>\n<p style=\"text-align: justify;\">O Friz\u00e3o, agora, \u00e9 o 12\u00ba colocado no Campeonato Carioca de 2014, com tr\u00eas pontos, uma vit\u00f3ria e duas derrotas em tr\u00eas jogos. Foram dois gols feitos e oito sofridos, com saldo negativo de menos seis gols na competi\u00e7\u00e3o. Na primeira rodada, o Tricolor da Serra perdeu, em casa, para o Bangu, por 2 a 1. Na segunda rodada, vit\u00f3ria longe de Nova Friburgo, contra o Duque de Caxias.<\/p>\n<p style=\"text-align: justify;\">O \u00e1rbitro do jogo foi Pathrice Maia e o Friburguense foi a campo com a seguinte forma\u00e7\u00e3o: Afonso; S\u00e9rgio Gomes, Bruno Leal, Cad\u00e3o e Flavinho; Z\u00e9 Victor (Abedi), Lucas, Marcelo e Jorge Luiz; Ziquinha (Dami\u00e3o) e R\u00f4mulo (Lohan). T\u00e9cnico: Gerson Andreotti.<\/p>\n<p style=\"text-align: justify;\">1\u00ba TEMPO: Enquanto o Friburguense tentava embalar no campeonato, o Vasco ainda buscava a primeira vit\u00f3ria. Sem Bidu, vetado momentos antes da partida por conta de uma les\u00e3o, o time de Gerson Andreotti encaixou a marca\u00e7\u00e3o com Z\u00e9 Victor e Lucas \u00e0 frente da defesa e segurou a press\u00e3o.<\/p>\n<p style=\"text-align: justify;\">O Friz\u00e3o chegava bem, mas n\u00e3o conseguia finalizar com qualidade. Apesar disso, o jogo seguia equilibrado at\u00e9 os 23 minutos, quando a defesa cometeu um p\u00eanalti, convertido no rebote do goleiro por Montoya. Aos 26, o time da colina ampliou em erro da zaga e, aos 43, Emilson fechou o primeiro tempo em 3 a 0 para o Vasco.<\/p>\n<p style=\"text-align: justify;\">2\u00ba TEMPO: Com Abedi na vaga de Z\u00e9 Victor, Gerson Andreotti tentou tornar o Friburguense mais ofensivo. Contudo, o Vasco precisou de apenas uma bola para marcar o terceiro, com Edmilson, aos quatro minutos. E, aos nove, Wilian Barbio fez o quarto. Aos 17, o quinto gol vasca\u00edno, com Marlon. O sexto gol saiu aos 30\u2019, com lindo voleio de Rafael Vaz. De bom, apenas as boas jogadas do jovem atacante Lohan, no final.<\/p>\n","protected":false},"excerpt":{"rendered":"<p>O Friburguense n\u00e3o conseguiu repetir o bom futebol da \u00faltima rodada, e o Vasco da Gama aproveitou para converter as oportunidades em gol e vencer, por 6 a 0, na noite de domingo passado, dia 26 de janeiro, no Est\u00e1dio de S\u00e3o Janu\u00e1rio. Nesta quarta, dia 29, o Tricolor da Serra recebe o Flamengo, \u00e0s [&hellip;]<\/p>\n","protected":false},"author":5,"featured_media":0,"comment_status":"open","ping_status":"open","sticky":false,"template":"","format":"standard","meta":{"footnotes":""},"categories":[2],"tags":[],"class_list":["post-3959","post","type-post","status-publish","format-standard","hentry","category-esporte"],"_links":{"self":[{"href":"https:\/\/jornaldaregiao.com\/ajustes\/wp-json\/wp\/v2\/posts\/3959","targetHints":{"allow":["GET"]}}],"collection":[{"href":"https:\/\/jornaldaregiao.com\/ajustes\/wp-json\/wp\/v2\/posts"}],"about":[{"href":"https:\/\/jornaldaregiao.com\/ajustes\/wp-json\/wp\/v2\/types\/post"}],"author":[{"embeddable":true,"href":"https:\/\/jornaldaregiao.com\/ajustes\/wp-json\/wp\/v2\/users\/5"}],"replies":[{"embeddable":true,"href":"https:\/\/jornaldaregiao.com\/ajustes\/wp-json\/wp\/v2\/comments?post=3959"}],"version-history":[{"count":0,"href":"https:\/\/jornaldaregiao.com\/ajustes\/wp-json\/wp\/v2\/posts\/3959\/revisions"}],"wp:attachment":[{"href":"https:\/\/jornaldaregiao.com\/ajustes\/wp-json\/wp\/v2\/media?parent=3959"}],"wp:term":[{"taxonomy":"category","embeddable":true,"href":"https:\/\/jornaldaregiao.com\/ajustes\/wp-json\/wp\/v2\/categories?post=3959"},{"taxonomy":"post_tag","embeddable":true,"href":"https:\/\/jornaldaregiao.com\/ajustes\/wp-json\/wp\/v2\/tags?post=3959"}],"curies":[{"name":"wp","href":"https:\/\/api.w.org\/{rel}","templated":true}]}}