{"id":3963,"date":"2014-01-29T17:43:57","date_gmt":"2014-01-29T19:43:57","guid":{"rendered":"http:\/\/playartedesign.com\/jornaldaregiao\/2014\/01\/29\/cade-analisa-suposto-cartel-de-cimento\/"},"modified":"2014-01-29T17:43:57","modified_gmt":"2014-01-29T19:43:57","slug":"cade-analisa-suposto-cartel-de-cimento","status":"publish","type":"post","link":"https:\/\/jornaldaregiao.com\/ajustes\/cade-analisa-suposto-cartel-de-cimento\/","title":{"rendered":"Cade analisa suposto cartel de cimento"},"content":{"rendered":"<p style=\"text-align: justify;\">A advogada da Votorantim Cimentos, Gianni Nunes de Ara\u00fajo, atacou a Secretaria de Direito Econ\u00f4mico (SDE), do Minist\u00e9rio da Justi\u00e7a, durante defesa da companhia apresentada no \u00faltimo dia 22 de janeiro, ao Conselho Administrativo de Defesa Econ\u00f4mica (Cade), que julga o suposto cartel nacional de cimento e concreto no Brasil. Ao alegar a falta de provas diretas da exist\u00eancia de conluio entre as maiores companhias do setor, a advogada classificou como uma \u201cpiada\u201d a instru\u00e7\u00e3o do caso pela SDE.<\/p>\n<p style=\"text-align: justify;\">\u2013 O processo nasceu do af\u00e3 condenat\u00f3rio da SDE, que desde 2003 tentava chegar a uma condena\u00e7\u00e3o no setor de cimentos \u2013 afirmou Gianni. A advogada disse, ainda, que a defesa da Votorantim n\u00e3o teve acesso a todos os documentos da acusa\u00e7\u00e3o. \u201cA SDE foi leviana ao afirmar que houve aumento do pre\u00e7o de cimento durante o per\u00edodo investigado, mas n\u00e3o h\u00e1 nenhuma an\u00e1lise complementar de dados e informa\u00e7\u00f5es que d\u00ea subs\u00eddios a esse documento\u201d, destacou. \u201cN\u00e3o se pode condenar algu\u00e9m baseado em interpreta\u00e7\u00f5es que fogem \u00e0 realidade\u201d, acrescentou. Ela solicitou a exclus\u00e3o da Votorantim do rol de acusados.<\/p>\n<p style=\"text-align: justify;\">O \u00f3rg\u00e3o antitruste est\u00e1 ouvindo uma s\u00e9rie manifesta\u00e7\u00f5es das defesas dos acusados de cartel. Al\u00e9m da Votorantim, foram acusados o Sindicato Nacional da Ind\u00fastria do Cimento, da Associa\u00e7\u00e3o Brasileira das Empresas de Concretagem e da Associa\u00e7\u00e3o Brasileira de Cimento Portland (ABCP), a Intercement (antiga Camargo Corr\u00eaa Cimentos), a Cimpor do Brasil, a Cia de Cimento Itamb\u00e9, a Cimentos Liz (antiga Soeicom), a Holcim Brasi, a Itabira Agroindustrial e a Lafarge Brasil.<\/p>\n","protected":false},"excerpt":{"rendered":"<p>A advogada da Votorantim Cimentos, Gianni Nunes de Ara\u00fajo, atacou a Secretaria de Direito Econ\u00f4mico (SDE), do Minist\u00e9rio da Justi\u00e7a, durante defesa da companhia apresentada no \u00faltimo dia 22 de janeiro, ao Conselho Administrativo de Defesa Econ\u00f4mica (Cade), que julga o suposto cartel nacional de cimento e concreto no Brasil. Ao alegar a falta de [&hellip;]<\/p>\n","protected":false},"author":5,"featured_media":0,"comment_status":"open","ping_status":"open","sticky":false,"template":"","format":"standard","meta":{"footnotes":""},"categories":[3],"tags":[],"class_list":["post-3963","post","type-post","status-publish","format-standard","hentry","category-geral"],"_links":{"self":[{"href":"https:\/\/jornaldaregiao.com\/ajustes\/wp-json\/wp\/v2\/posts\/3963","targetHints":{"allow":["GET"]}}],"collection":[{"href":"https:\/\/jornaldaregiao.com\/ajustes\/wp-json\/wp\/v2\/posts"}],"about":[{"href":"https:\/\/jornaldaregiao.com\/ajustes\/wp-json\/wp\/v2\/types\/post"}],"author":[{"embeddable":true,"href":"https:\/\/jornaldaregiao.com\/ajustes\/wp-json\/wp\/v2\/users\/5"}],"replies":[{"embeddable":true,"href":"https:\/\/jornaldaregiao.com\/ajustes\/wp-json\/wp\/v2\/comments?post=3963"}],"version-history":[{"count":0,"href":"https:\/\/jornaldaregiao.com\/ajustes\/wp-json\/wp\/v2\/posts\/3963\/revisions"}],"wp:attachment":[{"href":"https:\/\/jornaldaregiao.com\/ajustes\/wp-json\/wp\/v2\/media?parent=3963"}],"wp:term":[{"taxonomy":"category","embeddable":true,"href":"https:\/\/jornaldaregiao.com\/ajustes\/wp-json\/wp\/v2\/categories?post=3963"},{"taxonomy":"post_tag","embeddable":true,"href":"https:\/\/jornaldaregiao.com\/ajustes\/wp-json\/wp\/v2\/tags?post=3963"}],"curies":[{"name":"wp","href":"https:\/\/api.w.org\/{rel}","templated":true}]}}