{"id":3964,"date":"2014-01-29T17:44:15","date_gmt":"2014-01-29T19:44:15","guid":{"rendered":"http:\/\/playartedesign.com\/jornaldaregiao\/2014\/01\/29\/cederjuab-abre-primeiro-periodo-de-2014-com-mais-170-novos-universitarios\/"},"modified":"2014-01-29T17:44:15","modified_gmt":"2014-01-29T19:44:15","slug":"cederjuab-abre-primeiro-periodo-de-2014-com-mais-170-novos-universitarios","status":"publish","type":"post","link":"https:\/\/jornaldaregiao.com\/ajustes\/cederjuab-abre-primeiro-periodo-de-2014-com-mais-170-novos-universitarios\/","title":{"rendered":"Cederj\/UAB abre primeiro per\u00edodo de 2014 com mais 170 novos universit\u00e1rios"},"content":{"rendered":"<p style=\"text-align: justify;\">O polo Cantagalo do Cederj\/UAB (Centro de Educa\u00e7\u00e3o Superior \u00e0 Dist\u00e2ncia do Estado do Rio de Janeiro e Universidade Aberta do Brasil) realizou, s\u00e1bado, 25, no audit\u00f3rio do Ciep 277 &#8211; Jo\u00e3o Nicol\u00e1o Filho, a aula inaugural que abriu o primeiro per\u00edodo de 2014 para os cinco cursos de gradua\u00e7\u00e3o: matem\u00e1tica e tecnologia em sistemas de computa\u00e7\u00e3o (UFF \u2013 Universidade Federal Fluminense); administra\u00e7\u00e3o (UFRRJ \u2013 Universidade Federal Rural do Rio de Janeiro); pedagogia e hist\u00f3ria (UniRio \u2013 Universidade Federal do Rio de Janeiro).<\/p>\n<p style=\"text-align: justify;\">Com a aula inaugural deste semestre, o polo passou a contar com 170 novos matriculados \u2013 20 em matem\u00e1tica, 28 em tecnologia em sistemas de computa\u00e7\u00e3o, 52 em administra\u00e7\u00e3o, 20 em pedagogia e 50 em hist\u00f3ria. Embora os cursos sejam ministrados pelo sistema semipresencial, tamb\u00e9m possuem tutoria presencial no polo.<\/p>\n<p style=\"text-align: justify;\">A cerim\u00f4nia de abertura teve in\u00edcio com um v\u00eddeo de boas-vindas do secret\u00e1rio de estado de Ci\u00eancia, Tecnologia e Inova\u00e7\u00e3o, Gustavo Tutuca. Em seguida, falaram a diretora do polo na cidade, Leila Leite; os veteranos J\u00falio Santos (hist\u00f3ria) e Daiana Junger (matem\u00e1tica), que destacaram suas experi\u00eancias com os cursos.<\/p>\n<p style=\"text-align: justify;\">Por \u00faltimo, falou, representando o Cons\u00f3rcio Cederj, o professor Vanderlei Vazalesk, do curso de hist\u00f3ria, da UniRio. A palestra de abertura, dando uma geral sobre o funcionamento do sistema, coube ao professor Cl\u00e1udio Santos Souza, do curso de matem\u00e1tica, da UFF.<\/p>\n<p style=\"text-align: justify;\">Participaram da composi\u00e7\u00e3o da mesa os professores Leandro Soares, do curso de tecnologia em sistemas de computa\u00e7\u00e3o (UFF) e Francisco Ramos, do curso de pedagogia (UniRio). O assessor administrativo da Secretaria de Educa\u00e7\u00e3o, Carlos Alexandre Marques, representou a secret\u00e1ria de Educa\u00e7\u00e3o, Lucinha Noronha, que n\u00e3o pode participar. O mesmo aconteceu com o prefeito Saulo Gouvea (PT), que estava participando de outro evento da Prefeitura.<\/p>\n","protected":false},"excerpt":{"rendered":"<p>O polo Cantagalo do Cederj\/UAB (Centro de Educa\u00e7\u00e3o Superior \u00e0 Dist\u00e2ncia do Estado do Rio de Janeiro e Universidade Aberta do Brasil) realizou, s\u00e1bado, 25, no audit\u00f3rio do Ciep 277 &#8211; Jo\u00e3o Nicol\u00e1o Filho, a aula inaugural que abriu o primeiro per\u00edodo de 2014 para os cinco cursos de gradua\u00e7\u00e3o: matem\u00e1tica e tecnologia em sistemas [&hellip;]<\/p>\n","protected":false},"author":5,"featured_media":0,"comment_status":"open","ping_status":"open","sticky":false,"template":"","format":"standard","meta":{"footnotes":""},"categories":[3],"tags":[],"class_list":["post-3964","post","type-post","status-publish","format-standard","hentry","category-geral"],"_links":{"self":[{"href":"https:\/\/jornaldaregiao.com\/ajustes\/wp-json\/wp\/v2\/posts\/3964","targetHints":{"allow":["GET"]}}],"collection":[{"href":"https:\/\/jornaldaregiao.com\/ajustes\/wp-json\/wp\/v2\/posts"}],"about":[{"href":"https:\/\/jornaldaregiao.com\/ajustes\/wp-json\/wp\/v2\/types\/post"}],"author":[{"embeddable":true,"href":"https:\/\/jornaldaregiao.com\/ajustes\/wp-json\/wp\/v2\/users\/5"}],"replies":[{"embeddable":true,"href":"https:\/\/jornaldaregiao.com\/ajustes\/wp-json\/wp\/v2\/comments?post=3964"}],"version-history":[{"count":0,"href":"https:\/\/jornaldaregiao.com\/ajustes\/wp-json\/wp\/v2\/posts\/3964\/revisions"}],"wp:attachment":[{"href":"https:\/\/jornaldaregiao.com\/ajustes\/wp-json\/wp\/v2\/media?parent=3964"}],"wp:term":[{"taxonomy":"category","embeddable":true,"href":"https:\/\/jornaldaregiao.com\/ajustes\/wp-json\/wp\/v2\/categories?post=3964"},{"taxonomy":"post_tag","embeddable":true,"href":"https:\/\/jornaldaregiao.com\/ajustes\/wp-json\/wp\/v2\/tags?post=3964"}],"curies":[{"name":"wp","href":"https:\/\/api.w.org\/{rel}","templated":true}]}}