{"id":784,"date":"2011-10-27T13:46:43","date_gmt":"2011-10-27T15:46:43","guid":{"rendered":"http:\/\/playartedesign.com\/jornaldaregiao\/2011\/10\/27\/prefeitura-de-duas-barras-transfere-feriado-do-servidor-publico-para-segunda-feira\/"},"modified":"2011-10-27T13:46:43","modified_gmt":"2011-10-27T15:46:43","slug":"prefeitura-de-duas-barras-transfere-feriado-do-servidor-publico-para-segunda-feira","status":"publish","type":"post","link":"https:\/\/jornaldaregiao.com\/ajustes\/prefeitura-de-duas-barras-transfere-feriado-do-servidor-publico-para-segunda-feira\/","title":{"rendered":"Prefeitura de Duas Barras transfere feriado do servidor p\u00fablico para segunda-feira"},"content":{"rendered":"<\/p>\n<p style=\"text-align: justify;\">O decreto tamb\u00e9m institui ponto facultativo nas reparti\u00e7\u00f5es p\u00fablicas municipais na ter\u00e7a-feira, 1\u00ba de novembro, que \u00e9 v\u00e9spera do feriado nacional do Dia de Finados &#8211; 2 de novembro. Com isso, os servidores p\u00fablicos municipais de Duas Barras encerrar\u00e3o o expediente nesta sexta-feira, 28, e s\u00f3 retornar\u00e3o ao trabalho na quinta-feira da semana seguinte, 3 de novembro.<\/p>\n<p style=\"text-align: justify;\">Nesse per\u00edodo, segundo a Prefeitura, somente funcionar\u00e3o os servi\u00e7os considerados essenciais ao munic\u00edpio.<\/p>\n<p style=\"text-align: justify;\">O Dia do Servidor P\u00fablico \u00e9 um feriado contemplado pela Constitui\u00e7\u00e3o Federal. \u00c9 um momento de grande import\u00e2ncia, por contemplar milh\u00f5es de brasileiros, nas diversas esferas de poder, que contribuem e servem ao Estado.<\/p><\/p>\n","protected":false},"excerpt":{"rendered":"<p><p style=\"text-align: justify;\">A Prefeitura de Duas Barras decidiu transferir, desta sexta-feira, 28 de outubro, para a pr\u00f3xima segunda-feira, 30 de outubro, o feriado do Dia do Servidor P\u00fablico. A medida foi tomada atrav\u00e9s do decreto 2.137, de 13 de outubro, assinado pelo prefeito Ant\u00f4nio Carlos (PMDB).<\/p>\n<p style=\"text-align: justify;\" \/>\n","protected":false},"author":5,"featured_media":0,"comment_status":"open","ping_status":"open","sticky":false,"template":"","format":"standard","meta":{"footnotes":""},"categories":[3],"tags":[],"class_list":["post-784","post","type-post","status-publish","format-standard","hentry","category-geral"],"_links":{"self":[{"href":"https:\/\/jornaldaregiao.com\/ajustes\/wp-json\/wp\/v2\/posts\/784","targetHints":{"allow":["GET"]}}],"collection":[{"href":"https:\/\/jornaldaregiao.com\/ajustes\/wp-json\/wp\/v2\/posts"}],"about":[{"href":"https:\/\/jornaldaregiao.com\/ajustes\/wp-json\/wp\/v2\/types\/post"}],"author":[{"embeddable":true,"href":"https:\/\/jornaldaregiao.com\/ajustes\/wp-json\/wp\/v2\/users\/5"}],"replies":[{"embeddable":true,"href":"https:\/\/jornaldaregiao.com\/ajustes\/wp-json\/wp\/v2\/comments?post=784"}],"version-history":[{"count":0,"href":"https:\/\/jornaldaregiao.com\/ajustes\/wp-json\/wp\/v2\/posts\/784\/revisions"}],"wp:attachment":[{"href":"https:\/\/jornaldaregiao.com\/ajustes\/wp-json\/wp\/v2\/media?parent=784"}],"wp:term":[{"taxonomy":"category","embeddable":true,"href":"https:\/\/jornaldaregiao.com\/ajustes\/wp-json\/wp\/v2\/categories?post=784"},{"taxonomy":"post_tag","embeddable":true,"href":"https:\/\/jornaldaregiao.com\/ajustes\/wp-json\/wp\/v2\/tags?post=784"}],"curies":[{"name":"wp","href":"https:\/\/api.w.org\/{rel}","templated":true}]}}