{"id":831,"date":"2011-11-04T13:17:30","date_gmt":"2011-11-04T15:17:30","guid":{"rendered":"http:\/\/playartedesign.com\/jornaldaregiao\/2011\/11\/04\/associacao-comercial-forma-64-constureiras-para-o-mercado\/"},"modified":"2011-11-04T13:17:30","modified_gmt":"2011-11-04T15:17:30","slug":"associacao-comercial-forma-64-constureiras-para-o-mercado","status":"publish","type":"post","link":"https:\/\/jornaldaregiao.com\/ajustes\/associacao-comercial-forma-64-constureiras-para-o-mercado\/","title":{"rendered":"Associa\u00e7\u00e3o Comercial forma 64 constureiras para o mercado"},"content":{"rendered":"<\/p>\n<p style=\"text-align: justify;\">No total, foram cerca de seis meses de aulas te\u00f3ricas e pr\u00e1ticas, a cargo da instrutora Elizabete da Concei\u00e7\u00e3o, e que culminaram na formatura de 64 alunas. S\u00e3o pessoas como C\u00edntia Aparecida Guedes Mulin e Luana Mattos dos Reis, que falaram em nome da turma e que agradeceram muito a oportunidade de qualifica\u00e7\u00e3o, principalmente numa regi\u00e3o que tem excelentes ofertas de trabalho no setor, que ainda carece de m\u00e3o de obra capacitada.<\/p>\n<p style=\"text-align: justify;\">De acordo com o presidente da Aciacan, Ubiratan Fran\u00e7a, o Bira, como \u00e9 mais conhecido, foram convidadas v\u00e1rias empresas do setor para a solenidade de formatura. Cada uma das participantes recebeu um envelope contendo as fichas de avalia\u00e7\u00e3o das alunas, devidamente divididas por tipos espec\u00edficos de m\u00e1quinas. Desta forma, essas empresas poder\u00e3o avaliar o desempenho, inclusive comportamental, das alunas durante o curso, o que servir\u00e1 para essas confec\u00e7\u00f5es como uma esp\u00e9cie de aux\u00edlio na hora do processo de sele\u00e7\u00e3o.<\/p>\n<p style=\"text-align: justify;\"><img decoding=\"async\" class=\"caption\" src=\"noticias\/1155_pgina-11--reginaldo.jpg\" border=\"0\" title=\"O diretor da Aciacan, Reginaldo Gon\u00e7alves, entregando certificado a formanda - Girlane Lopes\" \/><\/p>\n<p style=\"text-align: justify;\">Bira tamb\u00e9m disse que as confec\u00e7\u00f5es participantes demonstraram grande interesse na m\u00e3o de obra especializada que acaba de \u201csair do forno\u201d, entre elas a Limar Confec\u00e7\u00f5es, que tem tr\u00eas vagas dispon\u00edveis para as alunas formadas na Aciacan.<\/p>\n<p style=\"text-align: justify;\">Representante da Bakonean Confec\u00e7\u00f5es, a estilista Luc\u00edlia Barcellos tamb\u00e9m destacou a import\u00e2ncia das confec\u00e7\u00f5es contarem com m\u00e3o de obra especializada e com institui\u00e7\u00f5es, como a Aciacan, que realmente t\u00eam se preocupado em dar oportunidade para ambas as partes interessadas. \u201cCom isso, todos ganham\u201d, disse.<\/p>\n<p style=\"text-align: justify;\">O vice-presidente da Aciacan, Jorge Luiz N\u00f3brega Richa, o Coquinha, acrescentou que, entre as \u00a064 alunas que se formam agora, oito j\u00e1 est\u00e3o empregadas e outras 18 tamb\u00e9m j\u00e1 conseguiram coloca\u00e7\u00e3o profissional em v\u00e1rias outras empresas, totalizando 26 empregos.<\/p>\n<p style=\"text-align: justify;\">Ali\u00e1s, o projeto Escola T\u00e9cnica de Confec\u00e7\u00e3o foi instalado em abril deste ano, quando foi realizada a aula inaugural, ainda na gest\u00e3o de Coquinha na presid\u00eancia. \u201cGostaria de parabenizar os novos alunos formados, desejando que todos, sem exce\u00e7\u00e3o, sejam aproveitados no mercado de trabalho, que ainda \u00e9 carente de m\u00e3o de obra. Por isso, estamos investindo na oportunidade de trabalho para quem precisa\u201d, disse Coquinha, que tamb\u00e9m \u00e9 diretor da Riedy Magazine.<\/p>\n<p style=\"text-align: justify;\">A consultora M\u00e1rcia Bittencourt, que elaborou o projeto, disse que, al\u00e9m da forma\u00e7\u00e3o de \u00a0costureiras, o curso tem outras nuances. \u201cEle tamb\u00e9m \u00e9 dirigido a quem deseja montar ou ampliar seu pr\u00f3prio neg\u00f3cio. O curso de capacita\u00e7\u00e3o em corte e costura passa por tr\u00eas est\u00e1gios: b\u00e1sico, intermedi\u00e1rio e avan\u00e7ado e com certeza, haver\u00e3o muitas oportunidades de trabalho num mercado que s\u00f3 tem a crescer\u201d, explicou.<\/p>\n<p style=\"text-align: justify;\">Para a realiza\u00e7\u00e3o do curso, foram aplicados R$ 120 mil. Desse total, R$ 60 mil foram investidos em 25 m\u00e1quinas e equipamentos e os outros R$ 60 mil utilizados no custeio dos instrutores e na aquisi\u00e7\u00e3o de mat\u00e9ria-prima. Em 2012, uma nova turma ser\u00e1 qualificada.<\/p>\n<p style=\"text-align: justify;\">Al\u00e9m da diretoria da Aciacan e representantes de v\u00e1rias empresas do setor, tamb\u00e9m participaram da cerim\u00f4nia o secret\u00e1rio municipal de Ind\u00fastria, Com\u00e9rcio e Turismo e Esportes, Raphael Jevaux, que representou o prefeito Guga de Paula (PP), a secret\u00e1ria municipal de Assist\u00eancia Social, Jussara Figueira de Paula, e os vereadores Ciro Fernandes e Toninho Guimar\u00e3es.<\/p><\/p>\n","protected":false},"excerpt":{"rendered":"<p><h3>Curso faz parte do projeto \u2018Confec\u00e7\u00e3o Escola\u2019, realizado em Cantagalo<\/h3>\n<p style=\"text-align: justify;\">Um momento hist\u00f3rico, principalmente para os alunos. No \u00faltimo dia 26 de outubro, a Associa\u00e7\u00e3o Comercial, Industrial e Agropecu\u00e1ria de Cantagalo (Aciacan) realizou a solenidade de entrega dos certificados de conclus\u00e3o do curso de corte e costura da primeira turma do projeto Escola T\u00e9cnica de Confec\u00e7\u00e3o, idealizado atrav\u00e9s de uma parceria com a Funda\u00e7\u00e3o de Amparo \u00e0 Pesquisa do Estado do Rio de Janeiro (Faperj), a FL 91 Com\u00e9rcio de Artigos do Vestu\u00e1rio, empresa do Grupo Riedy, e apoio da Prefeitura de Cantagalo, atrav\u00e9s da Secretaria Municipal de Assist\u00eancia Social.<\/p>\n<p style=\"text-align: justify;\"><img decoding=\"async\" class=\"caption\" src=\"noticias\/1155_pgina-1---costureiras.jpg\" border=\"0\" title=\"Novas profissionais, agora capacitadas, t\u00eam grandes oportunidades num mercado carente de m\u00e3o de obra especializada. Setor est\u00e1 em franco aquecimento - Girlane Lopes\" \/><\/p>\n<p style=\"text-align: justify;\" \/>\n","protected":false},"author":5,"featured_media":0,"comment_status":"open","ping_status":"open","sticky":false,"template":"","format":"standard","meta":{"footnotes":""},"categories":[3],"tags":[],"class_list":["post-831","post","type-post","status-publish","format-standard","hentry","category-geral"],"_links":{"self":[{"href":"https:\/\/jornaldaregiao.com\/ajustes\/wp-json\/wp\/v2\/posts\/831","targetHints":{"allow":["GET"]}}],"collection":[{"href":"https:\/\/jornaldaregiao.com\/ajustes\/wp-json\/wp\/v2\/posts"}],"about":[{"href":"https:\/\/jornaldaregiao.com\/ajustes\/wp-json\/wp\/v2\/types\/post"}],"author":[{"embeddable":true,"href":"https:\/\/jornaldaregiao.com\/ajustes\/wp-json\/wp\/v2\/users\/5"}],"replies":[{"embeddable":true,"href":"https:\/\/jornaldaregiao.com\/ajustes\/wp-json\/wp\/v2\/comments?post=831"}],"version-history":[{"count":0,"href":"https:\/\/jornaldaregiao.com\/ajustes\/wp-json\/wp\/v2\/posts\/831\/revisions"}],"wp:attachment":[{"href":"https:\/\/jornaldaregiao.com\/ajustes\/wp-json\/wp\/v2\/media?parent=831"}],"wp:term":[{"taxonomy":"category","embeddable":true,"href":"https:\/\/jornaldaregiao.com\/ajustes\/wp-json\/wp\/v2\/categories?post=831"},{"taxonomy":"post_tag","embeddable":true,"href":"https:\/\/jornaldaregiao.com\/ajustes\/wp-json\/wp\/v2\/tags?post=831"}],"curies":[{"name":"wp","href":"https:\/\/api.w.org\/{rel}","templated":true}]}}