{"id":835,"date":"2011-11-04T13:24:41","date_gmt":"2011-11-04T15:24:41","guid":{"rendered":"http:\/\/playartedesign.com\/jornaldaregiao\/2011\/11\/04\/pcdob-elege-nova-direcao-em-cordeiro\/"},"modified":"2011-11-04T13:24:41","modified_gmt":"2011-11-04T15:24:41","slug":"pcdob-elege-nova-direcao-em-cordeiro","status":"publish","type":"post","link":"https:\/\/jornaldaregiao.com\/ajustes\/pcdob-elege-nova-direcao-em-cordeiro\/","title":{"rendered":"PCdoB elege nova dire\u00e7\u00e3o em Cordeiro"},"content":{"rendered":"<p> <img decoding=\"async\" class=\"caption\" src=\"noticias\/1155_pgina-6---leandro-e-jandira.jpg\" border=\"0\" title=\"No evento, Leandro da Autoescola esteve com a deputada Jandira Feghali - Divulga\u00e7\u00e3o\" \/><\/p>\n<p style=\"text-align: justify;\">A confer\u00eancia estadual mobilizou mais de dez mil filiados de 76 munic\u00edpios &#8211; o estado do Rio \u00e9 composto por 92 munic\u00edpios -, que debateram a realidade e as perspectivas do estado e de cada munic\u00edpio, com destaque para o projeto eleitoral de 2012.<\/p>\n<p style=\"text-align: justify;\">Seguindo a orienta\u00e7\u00e3o nacional, o partido, no Rio de Janeiro, que vem crescendo sua influ\u00eancia no movimento social, coloca o desafio de crescer eleitoralmente, apresentando 18 pr\u00e9-candidaturas de prefeito e chapa de vereadores em quase todo o estado do Rio.<\/p>\n<p style=\"text-align: justify;\">O projeto do PCdoB para Cordeiro, por exemplo, \u00e9 lan\u00e7ar Leandro da Autoescola ao cargo de prefeito, e uma nominata de candidatos a vereador para o pleito eleitoral do ano que vem.<\/p>\n<p style=\"text-align: justify;\"><img decoding=\"async\" class=\"caption\" src=\"noticias\/1155_pgina-6---jorge-picciani.jpg\" border=\"0\" title=\"Edson Santos (E) e Jorge Picciani (D) com Leandro da Autoescola na conven\u00e7\u00e3o - Divulga\u00e7\u00e3o\" \/><\/p>\n<p style=\"text-align: justify;\">Leandro da Autoescola participou da 17\u00aa Confer\u00eancia do PCdoB, quando participou ativamente das decis\u00f5es do partido, estreitando futuras alian\u00e7as para sua caminhada em 2012. \u201cPosso afirmar que estou muito \u00e0 vontade no PCdoB e, no que depender da executiva estadual, nossa caminhada crescer\u00e1 ainda mais\u201d, afirma Leandro da Autoescola.<\/p>\n<p style=\"text-align: justify;\">O ato contou com a presen\u00e7a de diversas personalidades sociais do mundo pol\u00edtico. Enviaram representantes partidos como PMDB, PDT, PRB, PT, PSB, PPL e PRB. O deputado federal Edson Santos (PT) declarou toda sua solidariedade ao ex-ministro Orlando Silva. J\u00e1 o deputado federal Glauber Braga (PSB) disse que sua presen\u00e7a tinha uma motiva\u00e7\u00e3o especial, afirmando que o momento serve para unir o PCdoB e toda a esquerda democr\u00e1tica.<\/p>\n<p style=\"text-align: justify;\">O presidente estadual do PMDB, Jorge Picciani, ex-presidente da Assembleia Legislativa do Estado do Rio de Janeiro (Alerj), tamb\u00e9m demonstrou sua confian\u00e7a no ex-ministro Orlando Silva e disse que o PCdoB n\u00e3o tem nada a temer e que o governo Dilma n\u00e3o pode recuar. \u201cO PMDB tem orgulho de ter o PCdoB como um aliado no Rio de Janeiro\u201d, disse Picciani durante o evento.<\/p><\/p>\n","protected":false},"excerpt":{"rendered":"<p><p style=\"text-align: justify;\">Em confer\u00eancia realizada no Rio de Janeiro, entre os dias 21 a 23 de outubro, no Rios President\u2019s Hotel, o PCdoB carioca reelegeu Ana Rocha para mais um bi\u00eanio \u00e0 frente da dire\u00e7\u00e3o estadual, que tem como tema \u2018Mais Vida Militante para um Partido do Tamanho de Nossas Ideias\u2019. Desde o in\u00edcio da confer\u00eancia, foram debatidas as formas e o crescimento do partido em todo o estado.<\/p>\n<p style=\"text-align: justify;\" \/>\n","protected":false},"author":5,"featured_media":0,"comment_status":"open","ping_status":"open","sticky":false,"template":"","format":"standard","meta":{"footnotes":""},"categories":[4],"tags":[],"class_list":["post-835","post","type-post","status-publish","format-standard","hentry","category-politica"],"_links":{"self":[{"href":"https:\/\/jornaldaregiao.com\/ajustes\/wp-json\/wp\/v2\/posts\/835","targetHints":{"allow":["GET"]}}],"collection":[{"href":"https:\/\/jornaldaregiao.com\/ajustes\/wp-json\/wp\/v2\/posts"}],"about":[{"href":"https:\/\/jornaldaregiao.com\/ajustes\/wp-json\/wp\/v2\/types\/post"}],"author":[{"embeddable":true,"href":"https:\/\/jornaldaregiao.com\/ajustes\/wp-json\/wp\/v2\/users\/5"}],"replies":[{"embeddable":true,"href":"https:\/\/jornaldaregiao.com\/ajustes\/wp-json\/wp\/v2\/comments?post=835"}],"version-history":[{"count":0,"href":"https:\/\/jornaldaregiao.com\/ajustes\/wp-json\/wp\/v2\/posts\/835\/revisions"}],"wp:attachment":[{"href":"https:\/\/jornaldaregiao.com\/ajustes\/wp-json\/wp\/v2\/media?parent=835"}],"wp:term":[{"taxonomy":"category","embeddable":true,"href":"https:\/\/jornaldaregiao.com\/ajustes\/wp-json\/wp\/v2\/categories?post=835"},{"taxonomy":"post_tag","embeddable":true,"href":"https:\/\/jornaldaregiao.com\/ajustes\/wp-json\/wp\/v2\/tags?post=835"}],"curies":[{"name":"wp","href":"https:\/\/api.w.org\/{rel}","templated":true}]}}