{"id":836,"date":"2011-11-04T13:26:22","date_gmt":"2011-11-04T15:26:22","guid":{"rendered":"http:\/\/playartedesign.com\/jornaldaregiao\/2011\/11\/04\/ex-presidente-da-camara-marcelo-mansur-tem-contas-aprovadas\/"},"modified":"2011-11-04T13:26:22","modified_gmt":"2011-11-04T15:26:22","slug":"ex-presidente-da-camara-marcelo-mansur-tem-contas-aprovadas","status":"publish","type":"post","link":"https:\/\/jornaldaregiao.com\/ajustes\/ex-presidente-da-camara-marcelo-mansur-tem-contas-aprovadas\/","title":{"rendered":"Ex-presidente da C\u00e2mara, Marcelo Mansur tem contas aprovadas"},"content":{"rendered":"<p> <img decoding=\"async\" class=\"caption\" src=\"noticias\/1155_pgina-1---marcelo---prdio.jpg\" mce_src=\"noticias\/1155_pgina-1---marcelo---prdio.jpg\" border=\"0\" title=\"O vereador Marcelo Mansur em frente ao pr\u00e9dio da C\u00e2mara, constru\u00eddo em seu mandato - Foto: Divulga\u00e7\u00e3o\"><\/p>\n<p><\/p>\n<p style=\"text-align: justify;\" mce_style=\"text-align: justify;\">Esse tipo de aprova\u00e7\u00e3o de contas \u00e9 o parecer final do pr\u00f3prio TCE, n\u00e3o podendo ser modificado por voto dos vereadores, ao contr\u00e1rio das contas do prefeito, que podem sofrer altera\u00e7\u00f5es, porque a an\u00e1lise final \u00e9 da C\u00e2mara Municipal, e n\u00e3o do tribunal.<\/p>\n<p style=\"text-align: justify;\" mce_style=\"text-align: justify;\">Para Mansur, a not\u00edcia veio em boa hora, j\u00e1 que coincide com o seu amadurecimento pol\u00edtico. O parlamentar acredita que a aprova\u00e7\u00e3o das contas o credenciando a colocar seu nome \u00e0 disposi\u00e7\u00e3o da popula\u00e7\u00e3o para futuras elei\u00e7\u00f5es.<\/p>\n<p style=\"text-align: justify;\" mce_style=\"text-align: justify;\">O vereador tamb\u00e9m destaca que a popula\u00e7\u00e3o j\u00e1 havia aprovado sua gest\u00e3o na C\u00e2mara, j\u00e1 que, entre outras coisas, foi o respons\u00e1vel pela constru\u00e7\u00e3o do pr\u00e9dio do Legislativo em uma de suas gest\u00f5es na presid\u00eancia. Para ele, o pr\u00e9dio se transformou num patrim\u00f4nio do munic\u00edpio e ainda embeleza o Centro de Macuco.<\/p>\n<p style=\"text-align: justify;\" mce_style=\"text-align: justify;\">&#8211; A popula\u00e7\u00e3o j\u00e1 havia aprovado minha gest\u00e3o devido \u00e0s in\u00fameras conquistas, mas faltava a aprova\u00e7\u00e3o do \u00f3rg\u00e3o t\u00e9cnico, que fiscaliza a parte financeira como gestor p\u00fablico. \u00c9 &nbsp;motivo de muita felicidade encerrar meu ciclo como gestor p\u00fablico com as minhas contas aprovadas sem ressalvas e sem questionamentos do Tribunal de Contas &#8211; disse o vereador.<\/p>\n<p><\/p>\n","protected":false},"excerpt":{"rendered":"<p><\/p>\n<h3>\u201cA popula\u00e7\u00e3o j\u00e1 havia aprovado, mas faltava o \u00f3rg\u00e3o t\u00e9cnico\u201d, disse o vereador<\/h3>\n<p style=\"text-align: justify;\" mce_style=\"text-align: justify;\">O vereador Marcelo Mansur (PSB) comemora a aprova\u00e7\u00e3o, pelo Tribunal de Contas do Estado (TCE), das contas do ordenador de despesas da C\u00e2mara Municipal de Macuco, referente aos anos de 2005 a 2008, quando esteve na presid\u00eancia do Legislativo.<\/p>\n<p style=\"text-align: justify;\" mce_style=\"text-align: justify;\"><\/p>\n","protected":false},"author":5,"featured_media":0,"comment_status":"open","ping_status":"open","sticky":false,"template":"","format":"standard","meta":{"footnotes":""},"categories":[4],"tags":[],"class_list":["post-836","post","type-post","status-publish","format-standard","hentry","category-politica"],"_links":{"self":[{"href":"https:\/\/jornaldaregiao.com\/ajustes\/wp-json\/wp\/v2\/posts\/836","targetHints":{"allow":["GET"]}}],"collection":[{"href":"https:\/\/jornaldaregiao.com\/ajustes\/wp-json\/wp\/v2\/posts"}],"about":[{"href":"https:\/\/jornaldaregiao.com\/ajustes\/wp-json\/wp\/v2\/types\/post"}],"author":[{"embeddable":true,"href":"https:\/\/jornaldaregiao.com\/ajustes\/wp-json\/wp\/v2\/users\/5"}],"replies":[{"embeddable":true,"href":"https:\/\/jornaldaregiao.com\/ajustes\/wp-json\/wp\/v2\/comments?post=836"}],"version-history":[{"count":0,"href":"https:\/\/jornaldaregiao.com\/ajustes\/wp-json\/wp\/v2\/posts\/836\/revisions"}],"wp:attachment":[{"href":"https:\/\/jornaldaregiao.com\/ajustes\/wp-json\/wp\/v2\/media?parent=836"}],"wp:term":[{"taxonomy":"category","embeddable":true,"href":"https:\/\/jornaldaregiao.com\/ajustes\/wp-json\/wp\/v2\/categories?post=836"},{"taxonomy":"post_tag","embeddable":true,"href":"https:\/\/jornaldaregiao.com\/ajustes\/wp-json\/wp\/v2\/tags?post=836"}],"curies":[{"name":"wp","href":"https:\/\/api.w.org\/{rel}","templated":true}]}}