{"id":837,"date":"2011-11-04T13:30:16","date_gmt":"2011-11-04T15:30:16","guid":{"rendered":"http:\/\/playartedesign.com\/jornaldaregiao\/2011\/11\/04\/liminar-suspende-convenio-entre-associacao-e-hospital-de-duas-barras\/"},"modified":"2011-11-04T13:30:16","modified_gmt":"2011-11-04T15:30:16","slug":"liminar-suspende-convenio-entre-associacao-e-hospital-de-duas-barras","status":"publish","type":"post","link":"https:\/\/jornaldaregiao.com\/ajustes\/liminar-suspende-convenio-entre-associacao-e-hospital-de-duas-barras\/","title":{"rendered":"Liminar suspende conv\u00eanio entre associa\u00e7\u00e3o e hospital de Duas Barras"},"content":{"rendered":"\n<p><img decoding=\"async\" class=\"caption\" src=\"noticias\/1155_pgina-3---antonio-carlos.jpg\" border=\"0\" title=\"Foto: Reinaldo Rocha\" \/><\/p>\n<p>A liminar concedida pela justi\u00e7a tamb\u00e9m afasta o secret\u00e1rio de Sa\u00fade do cargo e determina a suspens\u00e3o do conv\u00eanio de 2011 entre o munic\u00edpio e a associa\u00e7\u00e3o. A prefeitura de Duas Barras ainda fica obrigada a assumir a gest\u00e3o do hospital do munic\u00edpio, sob pena de multa di\u00e1ria de R$ 10 mil ao prefeito, caso a decis\u00e3o n\u00e3o seja cumprida.<\/p>\n<p style=\"text-align: justify; \">Entre os anos de 2007 e 2011, mais de R$ 6,5 milh\u00f5es foram repassados \u00e0 entidade, que \u00e9 privada. Nem o prefeito, nem o secret\u00e1rio de Sa\u00fade e nem a associa\u00e7\u00e3o querem falar sobre o assunto at\u00e9 serem notificados oficialmente, o que deve ocorrer ainda esta semana.<\/p>\n<p>\u00a0<\/p>\n<p style=\"text-align: justify; \">\u00a0<\/p>\n<p style=\"text-align: justify; \"><span style=\"color: #135cae; font-family: Helvetica, Arial, sans-serif; font-size: 13px; font-weight: bold;\">Prefeito desconhece den\u00fancia do MP<\/span><\/p>\n<p style=\"text-align: justify; \">\n<p style=\"text-align: justify; \"><em>Em virtude da reportagem veiculada pela Inter TV, no \u00faltimo dia 27 de outubro, venho a p\u00fablico esclarecer:<\/em><\/p>\n<p style=\"text-align: justify; \"><em>1 &#8211; A exemplo do povo de Duas Barras, achei estranha a not\u00edcia veiculada sem que ao menos tivesse sido informado sobre o teor da decis\u00e3o judicial;<\/em><\/p>\n<p style=\"text-align: justify; \"><em>2 &#8211; Como acontece nos munic\u00edpios de Cordeiro, Cantagalo, Bom Jardim, Carmo, S\u00e3o Sebasti\u00e3o do Alto, Trajano de Moraes e outros, Duas Barras mant\u00e9m o seu hospital em pleno funcionamento atrav\u00e9s do repasse de recursos para a Associa\u00e7\u00e3o Hospitalar, que n\u00e3o possui fins lucrativos;<\/em><\/p>\n<p style=\"text-align: justify; \"><em>3 &#8211; Informamos, ainda, que o modelo utilizado em Duas Barras \u00e9 o mesmo utilizado pelo Governo do Estado para administra\u00e7\u00e3o das UPAs;<\/em><\/p>\n<p style=\"text-align: justify; \"><em>4 &#8211; Os valores repassados pela Prefeitura s\u00e3o utilizados para pagamentos de: m\u00e9dicos, enfermeiras, auxiliares de enfermagem, serventes, motoristas e demais funcion\u00e1rios. Al\u00e9m disso, esses recursos garantem a manuten\u00e7\u00e3o geral do hospital com o pagamento de luz, telefone, mercado, padaria, lavanderia, esteriliza\u00e7\u00e3o, bem como medicamentos em geral;<\/em><\/p>\n<p style=\"text-align: justify; \"><em>5 &#8211; \u00c9 preciso esclarecer que o servi\u00e7o de sa\u00fade do munic\u00edpio n\u00e3o foi terceirizado, pois os recursos repassados para a associa\u00e7\u00e3o s\u00e3o utilizados somente para a administra\u00e7\u00e3o do hospital;<\/em><\/p>\n<p style=\"text-align: justify; \"><em>6 &#8211; Esclarecemos, ainda, que nenhum funcion\u00e1rio comissionado da Prefeitura jamais recebeu sal\u00e1rio da associa\u00e7\u00e3o hospitalar;<\/em><\/p>\n<p style=\"text-align: justify; \"><em>7 &#8211; O secret\u00e1rio de Sa\u00fade, Dr. Gonzaga, solicitou seu afastamento imediato, para que tudo seja apurado com total transpar\u00eancia e isen\u00e7\u00e3o;<\/em><\/p>\n<p style=\"text-align: justify; \"><em>8 &#8211; As presta\u00e7\u00f5es de contas mensais da associa\u00e7\u00e3o est\u00e3o \u00e0 disposi\u00e7\u00e3o da Justi\u00e7a, do Minist\u00e9rio P\u00fablico, da C\u00e2mara de Vereadores e de qualquer cidad\u00e3o que deseje verific\u00e1-las, pois o nosso governo defende a honestidade e transpar\u00eancia em todas as suas a\u00e7\u00f5es.<\/em><\/p>\n<p style=\"text-align: justify; \"><em>Ant\u00f4nio Carlos Pagnuzzi Ara\u00fajo &#8211; Prefeito<\/em><\/p><\/p>\n","protected":false},"excerpt":{"rendered":"<p>\u00a0<\/p>\n<h3>Prefeito e secret\u00e1rio de Sa\u00fade, que s\u00e3o irm\u00e3os, t\u00eam bens indispon\u00edveis<\/h3>\n<p style=\"text-align: justify; \">A justi\u00e7a determinou a indisponibilidade de bens do prefeito de Duas Barras, Ant\u00f4nio Carlos Pagnuzzi (PMDB). A liminar foi concedida por ato de improbidade administrativa. O irm\u00e3o do prefeito, Luiz Gonzaga Pagnuzzi, \u00a0que j\u00e1 foi prefeito do munic\u00edpio e atualmente \u00e9 secret\u00e1rio de Sa\u00fade do munic\u00edpio, e a Associa\u00e7\u00e3o Hospitalar Santo Ant\u00f4nio tamb\u00e9m tiveram os bens indisponibilizados. De acordo com o Minist\u00e9rio P\u00fablico (MP), respons\u00e1vel pela a\u00e7\u00e3o civil, a Prefeitura terceirizou o servi\u00e7o de sa\u00fade do munic\u00edpio, o que \u00e9 irregular. A associa\u00e7\u00e3o contratada operaria, com exclusividade, por 30 anos, renov\u00e1veis por mais 30, e funcion\u00e1rios comissionados do munic\u00edpio exerciam fun\u00e7\u00f5es na associa\u00e7\u00e3o, o que tamb\u00e9m \u00e9 proibido por lei.<\/p>\n<p style=\"text-align: justify; \">\u00a0<\/p>\n","protected":false},"author":5,"featured_media":0,"comment_status":"open","ping_status":"open","sticky":false,"template":"","format":"standard","meta":{"footnotes":""},"categories":[4],"tags":[],"class_list":["post-837","post","type-post","status-publish","format-standard","hentry","category-politica"],"_links":{"self":[{"href":"https:\/\/jornaldaregiao.com\/ajustes\/wp-json\/wp\/v2\/posts\/837","targetHints":{"allow":["GET"]}}],"collection":[{"href":"https:\/\/jornaldaregiao.com\/ajustes\/wp-json\/wp\/v2\/posts"}],"about":[{"href":"https:\/\/jornaldaregiao.com\/ajustes\/wp-json\/wp\/v2\/types\/post"}],"author":[{"embeddable":true,"href":"https:\/\/jornaldaregiao.com\/ajustes\/wp-json\/wp\/v2\/users\/5"}],"replies":[{"embeddable":true,"href":"https:\/\/jornaldaregiao.com\/ajustes\/wp-json\/wp\/v2\/comments?post=837"}],"version-history":[{"count":0,"href":"https:\/\/jornaldaregiao.com\/ajustes\/wp-json\/wp\/v2\/posts\/837\/revisions"}],"wp:attachment":[{"href":"https:\/\/jornaldaregiao.com\/ajustes\/wp-json\/wp\/v2\/media?parent=837"}],"wp:term":[{"taxonomy":"category","embeddable":true,"href":"https:\/\/jornaldaregiao.com\/ajustes\/wp-json\/wp\/v2\/categories?post=837"},{"taxonomy":"post_tag","embeddable":true,"href":"https:\/\/jornaldaregiao.com\/ajustes\/wp-json\/wp\/v2\/tags?post=837"}],"curies":[{"name":"wp","href":"https:\/\/api.w.org\/{rel}","templated":true}]}}